{"id":3698,"date":"2025-06-02T18:38:33","date_gmt":"2025-06-02T16:38:33","guid":{"rendered":"https:\/\/sp174.waw.pl\/?p=3698"},"modified":"2025-06-16T18:40:02","modified_gmt":"2025-06-16T16:40:02","slug":"bezpieczne-wakacje","status":"publish","type":"post","link":"https:\/\/sp174.waw.pl\/?p=3698","title":{"rendered":"BEZPIECZNE WAKACJE"},"content":{"rendered":"<p class=\"Standard\" style=\"text-align: justify; text-justify: inter-ideograph;\">Dnia 2 czerwca 2025 r. uczniowie klasy 1b spotkali si\u0119 ze szkoln\u0105 piel\u0119gniark\u0105 na lekcji dotycz\u0105cej bezpiecznych wakacji. Pani Marysia przypomina\u0142a o tym, jak powinien wygl\u0105da\u0107 bezpieczny wypoczynek nad morzem, na mazurach oraz w g\u00f3rach. Zwraca\u0142a uwag\u0119 na temat nawodnienia i ochronie przed s\u0142o\u0144cem. Pokazywa\u0142a m.in. jak radzi\u0107 sobie w przypadku zach\u0142y\u015bni\u0119cia. To by\u0142o wa\u017cne spotkanie. \u017byczymy wszystkim bezpiecznych wakacji!<\/p>\n<p class=\"Standard\" style=\"text-align: justify; text-justify: inter-ideograph;\">\u00a0<\/p>\n<p class=\"Standard\" style=\"text-align: right;\" align=\"right\"><i>Marzena Delak<\/i><\/p>\n\n\n<figure class=\"wp-block-image size-large\"><img loading=\"lazy\" decoding=\"async\" width=\"1024\" height=\"721\" src=\"https:\/\/sp174.waw.pl\/wp-content\/uploads\/2025\/06\/Collage-2025-06-15-18_56_39-1024x721.jpg\" alt=\"\" class=\"wp-image-3699\" srcset=\"https:\/\/sp174.waw.pl\/wp-content\/uploads\/2025\/06\/Collage-2025-06-15-18_56_39-1024x721.jpg 1024w, https:\/\/sp174.waw.pl\/wp-content\/uploads\/2025\/06\/Collage-2025-06-15-18_56_39-300x211.jpg 300w, https:\/\/sp174.waw.pl\/wp-content\/uploads\/2025\/06\/Collage-2025-06-15-18_56_39-768x541.jpg 768w, https:\/\/sp174.waw.pl\/wp-content\/uploads\/2025\/06\/Collage-2025-06-15-18_56_39.jpg 1200w\" sizes=\"auto, (max-width: 1024px) 100vw, 1024px\" \/><\/figure>\n","protected":false},"excerpt":{"rendered":"<p>Dnia 2 czerwca 2025 r. uczniowie klasy 1b spotkali si\u0119 ze szkoln\u0105 piel\u0119gniark\u0105 na lekcji dotycz\u0105cej bezpiecznych wakacji. Pani Marysia przypomina\u0142a o tym, jak powinien wygl\u0105da\u0107 bezpieczny wypoczynek nad morzem, na mazurach oraz w g\u00f3rach. Zwraca\u0142a uwag\u0119 na temat nawodnienia i ochronie przed s\u0142o\u0144cem. Pokazywa\u0142a m.in. jak radzi\u0107 sobie w przypadku zach\u0142y\u015bni\u0119cia. To by\u0142o wa\u017cne&hellip; <br \/> <a class=\"read-more\" href=\"https:\/\/sp174.waw.pl\/?p=3698\">Czytaj dalej<\/a><\/p>\n","protected":false},"author":1,"featured_media":0,"comment_status":"closed","ping_status":"closed","sticky":false,"template":"","format":"standard","meta":{"footnotes":""},"categories":[1],"tags":[],"class_list":["post-3698","post","type-post","status-publish","format-standard","hentry","category-bez-kategorii"],"_links":{"self":[{"href":"https:\/\/sp174.waw.pl\/index.php?rest_route=\/wp\/v2\/posts\/3698","targetHints":{"allow":["GET"]}}],"collection":[{"href":"https:\/\/sp174.waw.pl\/index.php?rest_route=\/wp\/v2\/posts"}],"about":[{"href":"https:\/\/sp174.waw.pl\/index.php?rest_route=\/wp\/v2\/types\/post"}],"author":[{"embeddable":true,"href":"https:\/\/sp174.waw.pl\/index.php?rest_route=\/wp\/v2\/users\/1"}],"replies":[{"embeddable":true,"href":"https:\/\/sp174.waw.pl\/index.php?rest_route=%2Fwp%2Fv2%2Fcomments&post=3698"}],"version-history":[{"count":1,"href":"https:\/\/sp174.waw.pl\/index.php?rest_route=\/wp\/v2\/posts\/3698\/revisions"}],"predecessor-version":[{"id":3700,"href":"https:\/\/sp174.waw.pl\/index.php?rest_route=\/wp\/v2\/posts\/3698\/revisions\/3700"}],"wp:attachment":[{"href":"https:\/\/sp174.waw.pl\/index.php?rest_route=%2Fwp%2Fv2%2Fmedia&parent=3698"}],"wp:term":[{"taxonomy":"category","embeddable":true,"href":"https:\/\/sp174.waw.pl\/index.php?rest_route=%2Fwp%2Fv2%2Fcategories&post=3698"},{"taxonomy":"post_tag","embeddable":true,"href":"https:\/\/sp174.waw.pl\/index.php?rest_route=%2Fwp%2Fv2%2Ftags&post=3698"}],"curies":[{"name":"wp","href":"https:\/\/api.w.org\/{rel}","templated":true}]}}