{"id":3726,"date":"2025-06-24T20:03:00","date_gmt":"2025-06-24T18:03:00","guid":{"rendered":"https:\/\/sp174.waw.pl\/?p=3726"},"modified":"2025-06-25T20:03:51","modified_gmt":"2025-06-25T18:03:51","slug":"gratulacje-dla-klasy-ia","status":"publish","type":"post","link":"https:\/\/sp174.waw.pl\/?p=3726","title":{"rendered":"Gratulacje dla klasy IA"},"content":{"rendered":"<p>Z rado\u015bci\u0105 informujemy, \u017ce w 28. edycji Bajkowego konkursu Plastka w ramach projektu prowadzonego wsp\u00f3lnie z partnerami Basell Orlen Polyolefins oraz Stowarzyszeniem Cyfrowy Dialog g\u0142\u00f3wn\u0105 nagrod\u0119 otrzymuj\u0105:<\/p>\n<p>Klasa 1 z ZSP nr 5 w Bia\u0142ymstoku, uczniowie z SP nr 1 Be\u0142\u017cyce, klasa 3a z SP nr 4 Rydu\u0142towy, uczniowie z klasy 3 z PSP w B\u0142\u0119dostowie (Winnica<strong>), klasa 1a z SP nr 174 w Warszawie,<\/strong> klasa 1a i 2c z Niepublicznej Szko\u0142y Podstawowej nr 47 Fundacji \u201ePrimus\u201d w Warszawie<\/p>\n<p>Serdecznie gratulujemy !<\/p>\n\n\n<figure class=\"wp-block-image size-large\"><img loading=\"lazy\" decoding=\"async\" width=\"1024\" height=\"768\" src=\"https:\/\/sp174.waw.pl\/wp-content\/uploads\/2025\/06\/48d161f5-4131-49c7-9e38-faf6d6af3bd1-1024x768.jpg\" alt=\"\" class=\"wp-image-3727\" srcset=\"https:\/\/sp174.waw.pl\/wp-content\/uploads\/2025\/06\/48d161f5-4131-49c7-9e38-faf6d6af3bd1-1024x768.jpg 1024w, https:\/\/sp174.waw.pl\/wp-content\/uploads\/2025\/06\/48d161f5-4131-49c7-9e38-faf6d6af3bd1-300x225.jpg 300w, https:\/\/sp174.waw.pl\/wp-content\/uploads\/2025\/06\/48d161f5-4131-49c7-9e38-faf6d6af3bd1-768x576.jpg 768w, https:\/\/sp174.waw.pl\/wp-content\/uploads\/2025\/06\/48d161f5-4131-49c7-9e38-faf6d6af3bd1-1536x1152.jpg 1536w, https:\/\/sp174.waw.pl\/wp-content\/uploads\/2025\/06\/48d161f5-4131-49c7-9e38-faf6d6af3bd1-1440x1080.jpg 1440w, https:\/\/sp174.waw.pl\/wp-content\/uploads\/2025\/06\/48d161f5-4131-49c7-9e38-faf6d6af3bd1.jpg 2048w\" sizes=\"auto, (max-width: 1024px) 100vw, 1024px\" \/><\/figure>\n","protected":false},"excerpt":{"rendered":"<p>Z rado\u015bci\u0105 informujemy, \u017ce w 28. edycji Bajkowego konkursu Plastka w ramach projektu prowadzonego wsp\u00f3lnie z partnerami Basell Orlen Polyolefins oraz Stowarzyszeniem Cyfrowy Dialog g\u0142\u00f3wn\u0105 nagrod\u0119 otrzymuj\u0105: Klasa 1 z ZSP nr 5 w Bia\u0142ymstoku, uczniowie z SP nr 1 Be\u0142\u017cyce, klasa 3a z SP nr 4 Rydu\u0142towy, uczniowie z klasy 3 z PSP w&hellip; <br \/> <a class=\"read-more\" href=\"https:\/\/sp174.waw.pl\/?p=3726\">Czytaj dalej<\/a><\/p>\n","protected":false},"author":1,"featured_media":0,"comment_status":"closed","ping_status":"closed","sticky":false,"template":"","format":"standard","meta":{"footnotes":""},"categories":[1],"tags":[],"class_list":["post-3726","post","type-post","status-publish","format-standard","hentry","category-bez-kategorii"],"_links":{"self":[{"href":"https:\/\/sp174.waw.pl\/index.php?rest_route=\/wp\/v2\/posts\/3726","targetHints":{"allow":["GET"]}}],"collection":[{"href":"https:\/\/sp174.waw.pl\/index.php?rest_route=\/wp\/v2\/posts"}],"about":[{"href":"https:\/\/sp174.waw.pl\/index.php?rest_route=\/wp\/v2\/types\/post"}],"author":[{"embeddable":true,"href":"https:\/\/sp174.waw.pl\/index.php?rest_route=\/wp\/v2\/users\/1"}],"replies":[{"embeddable":true,"href":"https:\/\/sp174.waw.pl\/index.php?rest_route=%2Fwp%2Fv2%2Fcomments&post=3726"}],"version-history":[{"count":1,"href":"https:\/\/sp174.waw.pl\/index.php?rest_route=\/wp\/v2\/posts\/3726\/revisions"}],"predecessor-version":[{"id":3728,"href":"https:\/\/sp174.waw.pl\/index.php?rest_route=\/wp\/v2\/posts\/3726\/revisions\/3728"}],"wp:attachment":[{"href":"https:\/\/sp174.waw.pl\/index.php?rest_route=%2Fwp%2Fv2%2Fmedia&parent=3726"}],"wp:term":[{"taxonomy":"category","embeddable":true,"href":"https:\/\/sp174.waw.pl\/index.php?rest_route=%2Fwp%2Fv2%2Fcategories&post=3726"},{"taxonomy":"post_tag","embeddable":true,"href":"https:\/\/sp174.waw.pl\/index.php?rest_route=%2Fwp%2Fv2%2Ftags&post=3726"}],"curies":[{"name":"wp","href":"https:\/\/api.w.org\/{rel}","templated":true}]}}