{"id":3772,"date":"2025-08-27T19:30:12","date_gmt":"2025-08-27T17:30:12","guid":{"rendered":"https:\/\/sp174.waw.pl\/?p=3772"},"modified":"2025-08-28T15:55:48","modified_gmt":"2025-08-28T13:55:48","slug":"rozpoczecie-roku-szkolnego-2025-2026","status":"publish","type":"post","link":"https:\/\/sp174.waw.pl\/?p=3772","title":{"rendered":"Rozpocz\u0119cie roku szkolnego 2025\/2026\u00a0"},"content":{"rendered":"<p style=\"text-align: center;\">Dyrekcja Szko\u0142y Podstawowej nr 174 zaprasza na uroczyste rozpocz\u0119cie roku szkolnego 2025\/2026<\/p>\n<p style=\"text-align: center;\">dnia 1 wrze\u015bnia 2025 r., kt\u00f3re odb\u0119dzie si\u0119 wed\u0142ug poni\u017cszego harmonogramu:<\/p>\n<p style=\"text-align: center;\"><strong>8:00<\/strong> &#8211; Msza \u015bw. na\u00a0rozpocz\u0119cie roku szkolnego\u202fdla uczni\u00f3w klas I-VIII \u00a0i oddzia\u0142u przedszkolnego w Ko\u015bciele Pw. \u015aw. Jana Paw\u0142a II;<\/p>\n<p style=\"text-align: center;\"><strong>9:00<\/strong> \u2013 uroczyste rozpocz\u0119cie roku szkolnego dla klas IV\u00a0\u2013 VIII na\u00a0sali gimnastycznej;<\/p>\n<p style=\"text-align: center;\"><strong>10:00<\/strong> \u2013 uroczyste rozpocz\u0119cie roku szkolnego dla klas I \u2013 III i oddzia\u0142u przedszkolnego.<\/p>\n<p style=\"text-align: center;\"><strong>Podczas uroczysto\u015bci rozpocz\u0119cia roku szkolnego odb\u0119dzie si\u0119 \u015alubowanie uczni\u00f3w klas I, kt\u00f3rych wraz z rodzicami serdecznie zapraszamy do sali gimnastycznej na spotkanie z wychowawcami o godzinie 9.30.<\/strong><\/p>\n","protected":false},"excerpt":{"rendered":"<p>Dyrekcja Szko\u0142y Podstawowej nr 174 zaprasza na uroczyste rozpocz\u0119cie roku szkolnego 2025\/2026 dnia 1 wrze\u015bnia 2025 r., kt\u00f3re odb\u0119dzie si\u0119 wed\u0142ug poni\u017cszego harmonogramu: 8:00 &#8211; Msza \u015bw. na\u00a0rozpocz\u0119cie roku szkolnego\u202fdla uczni\u00f3w klas I-VIII \u00a0i oddzia\u0142u przedszkolnego w Ko\u015bciele Pw. \u015aw. Jana Paw\u0142a II; 9:00 \u2013 uroczyste rozpocz\u0119cie roku szkolnego dla klas IV\u00a0\u2013 VIII na\u00a0sali gimnastycznej;&hellip; <br \/> <a class=\"read-more\" href=\"https:\/\/sp174.waw.pl\/?p=3772\">Czytaj dalej<\/a><\/p>\n","protected":false},"author":1,"featured_media":3781,"comment_status":"closed","ping_status":"closed","sticky":false,"template":"","format":"standard","meta":{"footnotes":""},"categories":[1],"tags":[],"class_list":["post-3772","post","type-post","status-publish","format-standard","has-post-thumbnail","hentry","category-bez-kategorii"],"_links":{"self":[{"href":"https:\/\/sp174.waw.pl\/index.php?rest_route=\/wp\/v2\/posts\/3772","targetHints":{"allow":["GET"]}}],"collection":[{"href":"https:\/\/sp174.waw.pl\/index.php?rest_route=\/wp\/v2\/posts"}],"about":[{"href":"https:\/\/sp174.waw.pl\/index.php?rest_route=\/wp\/v2\/types\/post"}],"author":[{"embeddable":true,"href":"https:\/\/sp174.waw.pl\/index.php?rest_route=\/wp\/v2\/users\/1"}],"replies":[{"embeddable":true,"href":"https:\/\/sp174.waw.pl\/index.php?rest_route=%2Fwp%2Fv2%2Fcomments&post=3772"}],"version-history":[{"count":5,"href":"https:\/\/sp174.waw.pl\/index.php?rest_route=\/wp\/v2\/posts\/3772\/revisions"}],"predecessor-version":[{"id":3782,"href":"https:\/\/sp174.waw.pl\/index.php?rest_route=\/wp\/v2\/posts\/3772\/revisions\/3782"}],"wp:featuredmedia":[{"embeddable":true,"href":"https:\/\/sp174.waw.pl\/index.php?rest_route=\/wp\/v2\/media\/3781"}],"wp:attachment":[{"href":"https:\/\/sp174.waw.pl\/index.php?rest_route=%2Fwp%2Fv2%2Fmedia&parent=3772"}],"wp:term":[{"taxonomy":"category","embeddable":true,"href":"https:\/\/sp174.waw.pl\/index.php?rest_route=%2Fwp%2Fv2%2Fcategories&post=3772"},{"taxonomy":"post_tag","embeddable":true,"href":"https:\/\/sp174.waw.pl\/index.php?rest_route=%2Fwp%2Fv2%2Ftags&post=3772"}],"curies":[{"name":"wp","href":"https:\/\/api.w.org\/{rel}","templated":true}]}}