{"id":3822,"date":"2025-09-19T18:28:41","date_gmt":"2025-09-19T16:28:41","guid":{"rendered":"https:\/\/sp174.waw.pl\/?p=3822"},"modified":"2025-09-19T18:28:41","modified_gmt":"2025-09-19T16:28:41","slug":"dzien-kropki-w-klasie-2a","status":"publish","type":"post","link":"https:\/\/sp174.waw.pl\/?p=3822","title":{"rendered":"Dzie\u0144 Kropki w klasie 2a"},"content":{"rendered":"<p>Klasa 2a \u015bwi\u0119towa\u0142a Dzie\u0144 Kropki \u2013 dzie\u0144 kreatywno\u015bci, talent\u00f3w i odkrywania swoich mo\u017cliwo\u015bci! Malowali\u015bmy swoje zainteresowania, mocne strony, a wszystko to znalaz\u0142o swoje miejsce na symbolicznym totemie talent\u00f3w. Dzieci przypomnia\u0142y sobie, \u017ce ka\u017cdy z nas ma w sobie co\u015b wyj\u0105tkowego. Uczniowie po wys\u0142uchaniu opowiadania &#8222;Talent, kt\u00f3ry nie potrzebuje sceny&#8221; rozmawiali o przyczynach powstania tego nietypowego dnia.<\/p>\n<p>By\u0142o du\u017co rado\u015bci, zabawy i inspiruj\u0105cych pomys\u0142\u00f3w.<\/p>\n\n\n<figure class=\"wp-block-image size-large\"><img loading=\"lazy\" decoding=\"async\" width=\"1024\" height=\"726\" src=\"https:\/\/sp174.waw.pl\/wp-content\/uploads\/2025\/09\/dzien-kropki-1024x726.png\" alt=\"\" class=\"wp-image-3823\" srcset=\"https:\/\/sp174.waw.pl\/wp-content\/uploads\/2025\/09\/dzien-kropki-1024x726.png 1024w, https:\/\/sp174.waw.pl\/wp-content\/uploads\/2025\/09\/dzien-kropki-300x213.png 300w, https:\/\/sp174.waw.pl\/wp-content\/uploads\/2025\/09\/dzien-kropki-768x545.png 768w, https:\/\/sp174.waw.pl\/wp-content\/uploads\/2025\/09\/dzien-kropki-1536x1090.png 1536w, https:\/\/sp174.waw.pl\/wp-content\/uploads\/2025\/09\/dzien-kropki-1522x1080.png 1522w, https:\/\/sp174.waw.pl\/wp-content\/uploads\/2025\/09\/dzien-kropki.png 1748w\" sizes=\"auto, (max-width: 1024px) 100vw, 1024px\" \/><\/figure>\n","protected":false},"excerpt":{"rendered":"<p>Klasa 2a \u015bwi\u0119towa\u0142a Dzie\u0144 Kropki \u2013 dzie\u0144 kreatywno\u015bci, talent\u00f3w i odkrywania swoich mo\u017cliwo\u015bci! Malowali\u015bmy swoje zainteresowania, mocne strony, a wszystko to znalaz\u0142o swoje miejsce na symbolicznym totemie talent\u00f3w. Dzieci przypomnia\u0142y sobie, \u017ce ka\u017cdy z nas ma w sobie co\u015b wyj\u0105tkowego. Uczniowie po wys\u0142uchaniu opowiadania &#8222;Talent, kt\u00f3ry nie potrzebuje sceny&#8221; rozmawiali o przyczynach powstania tego nietypowego&hellip; <br \/> <a class=\"read-more\" href=\"https:\/\/sp174.waw.pl\/?p=3822\">Czytaj dalej<\/a><\/p>\n","protected":false},"author":1,"featured_media":0,"comment_status":"closed","ping_status":"closed","sticky":false,"template":"","format":"standard","meta":{"footnotes":""},"categories":[1],"tags":[],"class_list":["post-3822","post","type-post","status-publish","format-standard","hentry","category-bez-kategorii"],"_links":{"self":[{"href":"https:\/\/sp174.waw.pl\/index.php?rest_route=\/wp\/v2\/posts\/3822","targetHints":{"allow":["GET"]}}],"collection":[{"href":"https:\/\/sp174.waw.pl\/index.php?rest_route=\/wp\/v2\/posts"}],"about":[{"href":"https:\/\/sp174.waw.pl\/index.php?rest_route=\/wp\/v2\/types\/post"}],"author":[{"embeddable":true,"href":"https:\/\/sp174.waw.pl\/index.php?rest_route=\/wp\/v2\/users\/1"}],"replies":[{"embeddable":true,"href":"https:\/\/sp174.waw.pl\/index.php?rest_route=%2Fwp%2Fv2%2Fcomments&post=3822"}],"version-history":[{"count":1,"href":"https:\/\/sp174.waw.pl\/index.php?rest_route=\/wp\/v2\/posts\/3822\/revisions"}],"predecessor-version":[{"id":3824,"href":"https:\/\/sp174.waw.pl\/index.php?rest_route=\/wp\/v2\/posts\/3822\/revisions\/3824"}],"wp:attachment":[{"href":"https:\/\/sp174.waw.pl\/index.php?rest_route=%2Fwp%2Fv2%2Fmedia&parent=3822"}],"wp:term":[{"taxonomy":"category","embeddable":true,"href":"https:\/\/sp174.waw.pl\/index.php?rest_route=%2Fwp%2Fv2%2Fcategories&post=3822"},{"taxonomy":"post_tag","embeddable":true,"href":"https:\/\/sp174.waw.pl\/index.php?rest_route=%2Fwp%2Fv2%2Ftags&post=3822"}],"curies":[{"name":"wp","href":"https:\/\/api.w.org\/{rel}","templated":true}]}}