{"id":3831,"date":"2025-09-19T18:32:39","date_gmt":"2025-09-19T16:32:39","guid":{"rendered":"https:\/\/sp174.waw.pl\/?p=3831"},"modified":"2025-09-19T18:32:39","modified_gmt":"2025-09-19T16:32:39","slug":"sprzatanie-swiata-z-uczniami-klasy-2a","status":"publish","type":"post","link":"https:\/\/sp174.waw.pl\/?p=3831","title":{"rendered":"Sprz\u0105tanie \u015bwiata z uczniami klasy 2a"},"content":{"rendered":"<p>Klasa 2a wzi\u0119\u0142a udzia\u0142 w og\u00f3lnopolskiej akcji Sprz\u0105tanie \u015bwiata. Tegoroczne has\u0142o kampanii brzmi: \u201eW natur\u0119 z kultur\u0105\u201d i przypomina, \u017ce kultura jest wizyt\u00f3wk\u0105 nas wszystkich, dlatego w kontakcie z natur\u0105, nale\u017cy\u00a0te\u017c o niej\u00a0 pami\u0119ta\u0107. Wsp\u00f3lne wyj\u015bcie i porz\u0105dkowanie terenu wok\u00f3\u0142 szko\u0142y, to by\u0142a dobra okazja, \u017ceby pokaza\u0107, \u017ce dbamy o nasz\u0105 planet\u0119 i chcemy, \u017ceby by\u0142o na niej czysto. Ka\u017cdy ma\u0142y gest ma znaczenie!<\/p>\n\n\n<figure class=\"wp-block-gallery has-nested-images columns-default is-cropped wp-block-gallery-1 is-layout-flex wp-block-gallery-is-layout-flex\">\n<figure class=\"wp-block-image size-large\"><img loading=\"lazy\" decoding=\"async\" width=\"1024\" height=\"726\" data-id=\"3832\" src=\"https:\/\/sp174.waw.pl\/wp-content\/uploads\/2025\/09\/1-1-1024x726.png\" alt=\"\" class=\"wp-image-3832\" srcset=\"https:\/\/sp174.waw.pl\/wp-content\/uploads\/2025\/09\/1-1-1024x726.png 1024w, https:\/\/sp174.waw.pl\/wp-content\/uploads\/2025\/09\/1-1-300x213.png 300w, https:\/\/sp174.waw.pl\/wp-content\/uploads\/2025\/09\/1-1-768x545.png 768w, https:\/\/sp174.waw.pl\/wp-content\/uploads\/2025\/09\/1-1-1536x1090.png 1536w, https:\/\/sp174.waw.pl\/wp-content\/uploads\/2025\/09\/1-1-1522x1080.png 1522w, https:\/\/sp174.waw.pl\/wp-content\/uploads\/2025\/09\/1-1.png 1748w\" sizes=\"auto, (max-width: 1024px) 100vw, 1024px\" \/><\/figure>\n\n\n\n<figure class=\"wp-block-image size-large\"><img loading=\"lazy\" decoding=\"async\" width=\"1024\" height=\"726\" data-id=\"3833\" src=\"https:\/\/sp174.waw.pl\/wp-content\/uploads\/2025\/09\/2-1-1024x726.png\" alt=\"\" class=\"wp-image-3833\" srcset=\"https:\/\/sp174.waw.pl\/wp-content\/uploads\/2025\/09\/2-1-1024x726.png 1024w, https:\/\/sp174.waw.pl\/wp-content\/uploads\/2025\/09\/2-1-300x213.png 300w, https:\/\/sp174.waw.pl\/wp-content\/uploads\/2025\/09\/2-1-768x545.png 768w, https:\/\/sp174.waw.pl\/wp-content\/uploads\/2025\/09\/2-1-1536x1090.png 1536w, https:\/\/sp174.waw.pl\/wp-content\/uploads\/2025\/09\/2-1-1522x1080.png 1522w, https:\/\/sp174.waw.pl\/wp-content\/uploads\/2025\/09\/2-1.png 1748w\" sizes=\"auto, (max-width: 1024px) 100vw, 1024px\" \/><\/figure>\n<\/figure>\n","protected":false},"excerpt":{"rendered":"<p>Klasa 2a wzi\u0119\u0142a udzia\u0142 w og\u00f3lnopolskiej akcji Sprz\u0105tanie \u015bwiata. Tegoroczne has\u0142o kampanii brzmi: \u201eW natur\u0119 z kultur\u0105\u201d i przypomina, \u017ce kultura jest wizyt\u00f3wk\u0105 nas wszystkich, dlatego w kontakcie z natur\u0105, nale\u017cy\u00a0te\u017c o niej\u00a0 pami\u0119ta\u0107. Wsp\u00f3lne wyj\u015bcie i porz\u0105dkowanie terenu wok\u00f3\u0142 szko\u0142y, to by\u0142a dobra okazja, \u017ceby pokaza\u0107, \u017ce dbamy o nasz\u0105 planet\u0119 i chcemy, \u017ceby&hellip; <br \/> <a class=\"read-more\" href=\"https:\/\/sp174.waw.pl\/?p=3831\">Czytaj dalej<\/a><\/p>\n","protected":false},"author":1,"featured_media":0,"comment_status":"closed","ping_status":"closed","sticky":false,"template":"","format":"standard","meta":{"footnotes":""},"categories":[1],"tags":[],"class_list":["post-3831","post","type-post","status-publish","format-standard","hentry","category-bez-kategorii"],"_links":{"self":[{"href":"https:\/\/sp174.waw.pl\/index.php?rest_route=\/wp\/v2\/posts\/3831","targetHints":{"allow":["GET"]}}],"collection":[{"href":"https:\/\/sp174.waw.pl\/index.php?rest_route=\/wp\/v2\/posts"}],"about":[{"href":"https:\/\/sp174.waw.pl\/index.php?rest_route=\/wp\/v2\/types\/post"}],"author":[{"embeddable":true,"href":"https:\/\/sp174.waw.pl\/index.php?rest_route=\/wp\/v2\/users\/1"}],"replies":[{"embeddable":true,"href":"https:\/\/sp174.waw.pl\/index.php?rest_route=%2Fwp%2Fv2%2Fcomments&post=3831"}],"version-history":[{"count":1,"href":"https:\/\/sp174.waw.pl\/index.php?rest_route=\/wp\/v2\/posts\/3831\/revisions"}],"predecessor-version":[{"id":3834,"href":"https:\/\/sp174.waw.pl\/index.php?rest_route=\/wp\/v2\/posts\/3831\/revisions\/3834"}],"wp:attachment":[{"href":"https:\/\/sp174.waw.pl\/index.php?rest_route=%2Fwp%2Fv2%2Fmedia&parent=3831"}],"wp:term":[{"taxonomy":"category","embeddable":true,"href":"https:\/\/sp174.waw.pl\/index.php?rest_route=%2Fwp%2Fv2%2Fcategories&post=3831"},{"taxonomy":"post_tag","embeddable":true,"href":"https:\/\/sp174.waw.pl\/index.php?rest_route=%2Fwp%2Fv2%2Ftags&post=3831"}],"curies":[{"name":"wp","href":"https:\/\/api.w.org\/{rel}","templated":true}]}}