{"id":3863,"date":"2025-09-16T16:33:09","date_gmt":"2025-09-16T14:33:09","guid":{"rendered":"https:\/\/sp174.waw.pl\/?p=3863"},"modified":"2025-10-01T16:34:14","modified_gmt":"2025-10-01T14:34:14","slug":"koncert-na-wesolo-i-powaznie","status":"publish","type":"post","link":"https:\/\/sp174.waw.pl\/?p=3863","title":{"rendered":"KONCERT \u2013 NA WESO\u0141O I POWA\u017bNIE"},"content":{"rendered":"<p>Dnia 16 wrze\u015bnia 2025 r. w naszej szkole odby\u0142 si\u0119 koncert rozpoczynaj\u0105cy cykliczne spotkania\u00a0 z muzyk\u0105. W koncercie wzi\u0119li udzia\u0142: skrzypaczka, pianista oraz muzyk graj\u0105cy na pile. Ten ostatni szczeg\u00f3lnie przypad\u0142 do gustu publiczno\u015bci. W \u017cartobliwy i pe\u0142en humoru spos\u00f3b pokaza\u0142, \u017ce mo\u017cna te\u017c gra\u0107 na pile. Muzycy zagrali kompozycje klasyczne, jak i przyk\u0142ady l\u017cejszej, weselszej muzyki.<\/p>\n<p><em>Marzena Delak<\/em><\/p>\n\n\n<figure class=\"wp-block-image size-large\"><img loading=\"lazy\" decoding=\"async\" width=\"1024\" height=\"512\" src=\"https:\/\/sp174.waw.pl\/wp-content\/uploads\/2025\/10\/koncert-1024x512.jpg\" alt=\"\" class=\"wp-image-3864\" srcset=\"https:\/\/sp174.waw.pl\/wp-content\/uploads\/2025\/10\/koncert-1024x512.jpg 1024w, https:\/\/sp174.waw.pl\/wp-content\/uploads\/2025\/10\/koncert-300x150.jpg 300w, https:\/\/sp174.waw.pl\/wp-content\/uploads\/2025\/10\/koncert-768x384.jpg 768w, https:\/\/sp174.waw.pl\/wp-content\/uploads\/2025\/10\/koncert-1536x768.jpg 1536w, https:\/\/sp174.waw.pl\/wp-content\/uploads\/2025\/10\/koncert.jpg 1920w\" sizes=\"auto, (max-width: 1024px) 100vw, 1024px\" \/><\/figure>\n","protected":false},"excerpt":{"rendered":"<p>Dnia 16 wrze\u015bnia 2025 r. w naszej szkole odby\u0142 si\u0119 koncert rozpoczynaj\u0105cy cykliczne spotkania\u00a0 z muzyk\u0105. W koncercie wzi\u0119li udzia\u0142: skrzypaczka, pianista oraz muzyk graj\u0105cy na pile. Ten ostatni szczeg\u00f3lnie przypad\u0142 do gustu publiczno\u015bci. W \u017cartobliwy i pe\u0142en humoru spos\u00f3b pokaza\u0142, \u017ce mo\u017cna te\u017c gra\u0107 na pile. Muzycy zagrali kompozycje klasyczne, jak i przyk\u0142ady l\u017cejszej,&hellip; <br \/> <a class=\"read-more\" href=\"https:\/\/sp174.waw.pl\/?p=3863\">Czytaj dalej<\/a><\/p>\n","protected":false},"author":1,"featured_media":0,"comment_status":"closed","ping_status":"closed","sticky":false,"template":"","format":"standard","meta":{"footnotes":""},"categories":[1],"tags":[],"class_list":["post-3863","post","type-post","status-publish","format-standard","hentry","category-bez-kategorii"],"_links":{"self":[{"href":"https:\/\/sp174.waw.pl\/index.php?rest_route=\/wp\/v2\/posts\/3863","targetHints":{"allow":["GET"]}}],"collection":[{"href":"https:\/\/sp174.waw.pl\/index.php?rest_route=\/wp\/v2\/posts"}],"about":[{"href":"https:\/\/sp174.waw.pl\/index.php?rest_route=\/wp\/v2\/types\/post"}],"author":[{"embeddable":true,"href":"https:\/\/sp174.waw.pl\/index.php?rest_route=\/wp\/v2\/users\/1"}],"replies":[{"embeddable":true,"href":"https:\/\/sp174.waw.pl\/index.php?rest_route=%2Fwp%2Fv2%2Fcomments&post=3863"}],"version-history":[{"count":1,"href":"https:\/\/sp174.waw.pl\/index.php?rest_route=\/wp\/v2\/posts\/3863\/revisions"}],"predecessor-version":[{"id":3865,"href":"https:\/\/sp174.waw.pl\/index.php?rest_route=\/wp\/v2\/posts\/3863\/revisions\/3865"}],"wp:attachment":[{"href":"https:\/\/sp174.waw.pl\/index.php?rest_route=%2Fwp%2Fv2%2Fmedia&parent=3863"}],"wp:term":[{"taxonomy":"category","embeddable":true,"href":"https:\/\/sp174.waw.pl\/index.php?rest_route=%2Fwp%2Fv2%2Fcategories&post=3863"},{"taxonomy":"post_tag","embeddable":true,"href":"https:\/\/sp174.waw.pl\/index.php?rest_route=%2Fwp%2Fv2%2Ftags&post=3863"}],"curies":[{"name":"wp","href":"https:\/\/api.w.org\/{rel}","templated":true}]}}