{"id":3876,"date":"2025-09-19T16:38:23","date_gmt":"2025-09-19T14:38:23","guid":{"rendered":"https:\/\/sp174.waw.pl\/?p=3876"},"modified":"2025-10-01T16:39:26","modified_gmt":"2025-10-01T14:39:26","slug":"sprzatanie-swiata-2b","status":"publish","type":"post","link":"https:\/\/sp174.waw.pl\/?p=3876","title":{"rendered":"SPRZ\u0104TANIE \u015aWIATA 2B"},"content":{"rendered":"<p class=\"Standard\" style=\"text-align: justify; text-justify: inter-ideograph;\">Dnia 19 wrze\u015bnia 2025 r. uczniowie klasy 2b wzi\u0119li udzia\u0142 w Akcji Sprz\u0105tania \u015awiata. Jak co roku wydarzenie to przypomina o konieczno\u015bci dbania o \u015brodowisko i zwracania uwagi na najbli\u017csze otoczenie. Dzieci z du\u017cym zaanga\u017cowaniem zbiera\u0142y \u015bmieci w najbli\u017cszej okolicy.<\/p>\n<p class=\"Standard\" style=\"text-align: right;\" align=\"right\"><i>Marzena Delak<\/i><\/p>\n\n\n<figure class=\"wp-block-image size-large\"><img loading=\"lazy\" decoding=\"async\" width=\"1024\" height=\"512\" src=\"https:\/\/sp174.waw.pl\/wp-content\/uploads\/2025\/10\/sprzatanie-swiata-1024x512.jpg\" alt=\"\" class=\"wp-image-3877\" srcset=\"https:\/\/sp174.waw.pl\/wp-content\/uploads\/2025\/10\/sprzatanie-swiata-1024x512.jpg 1024w, https:\/\/sp174.waw.pl\/wp-content\/uploads\/2025\/10\/sprzatanie-swiata-300x150.jpg 300w, https:\/\/sp174.waw.pl\/wp-content\/uploads\/2025\/10\/sprzatanie-swiata-768x384.jpg 768w, https:\/\/sp174.waw.pl\/wp-content\/uploads\/2025\/10\/sprzatanie-swiata-1536x768.jpg 1536w, https:\/\/sp174.waw.pl\/wp-content\/uploads\/2025\/10\/sprzatanie-swiata.jpg 1920w\" sizes=\"auto, (max-width: 1024px) 100vw, 1024px\" \/><\/figure>\n","protected":false},"excerpt":{"rendered":"<p>Dnia 19 wrze\u015bnia 2025 r. uczniowie klasy 2b wzi\u0119li udzia\u0142 w Akcji Sprz\u0105tania \u015awiata. Jak co roku wydarzenie to przypomina o konieczno\u015bci dbania o \u015brodowisko i zwracania uwagi na najbli\u017csze otoczenie. Dzieci z du\u017cym zaanga\u017cowaniem zbiera\u0142y \u015bmieci w najbli\u017cszej okolicy. Marzena Delak<\/p>\n","protected":false},"author":1,"featured_media":0,"comment_status":"closed","ping_status":"closed","sticky":false,"template":"","format":"standard","meta":{"footnotes":""},"categories":[1],"tags":[],"class_list":["post-3876","post","type-post","status-publish","format-standard","hentry","category-bez-kategorii"],"_links":{"self":[{"href":"https:\/\/sp174.waw.pl\/index.php?rest_route=\/wp\/v2\/posts\/3876","targetHints":{"allow":["GET"]}}],"collection":[{"href":"https:\/\/sp174.waw.pl\/index.php?rest_route=\/wp\/v2\/posts"}],"about":[{"href":"https:\/\/sp174.waw.pl\/index.php?rest_route=\/wp\/v2\/types\/post"}],"author":[{"embeddable":true,"href":"https:\/\/sp174.waw.pl\/index.php?rest_route=\/wp\/v2\/users\/1"}],"replies":[{"embeddable":true,"href":"https:\/\/sp174.waw.pl\/index.php?rest_route=%2Fwp%2Fv2%2Fcomments&post=3876"}],"version-history":[{"count":1,"href":"https:\/\/sp174.waw.pl\/index.php?rest_route=\/wp\/v2\/posts\/3876\/revisions"}],"predecessor-version":[{"id":3878,"href":"https:\/\/sp174.waw.pl\/index.php?rest_route=\/wp\/v2\/posts\/3876\/revisions\/3878"}],"wp:attachment":[{"href":"https:\/\/sp174.waw.pl\/index.php?rest_route=%2Fwp%2Fv2%2Fmedia&parent=3876"}],"wp:term":[{"taxonomy":"category","embeddable":true,"href":"https:\/\/sp174.waw.pl\/index.php?rest_route=%2Fwp%2Fv2%2Fcategories&post=3876"},{"taxonomy":"post_tag","embeddable":true,"href":"https:\/\/sp174.waw.pl\/index.php?rest_route=%2Fwp%2Fv2%2Ftags&post=3876"}],"curies":[{"name":"wp","href":"https:\/\/api.w.org\/{rel}","templated":true}]}}