{"id":3888,"date":"2025-10-01T20:03:19","date_gmt":"2025-10-01T18:03:19","guid":{"rendered":"https:\/\/sp174.waw.pl\/?p=3888"},"modified":"2025-10-01T20:03:19","modified_gmt":"2025-10-01T18:03:19","slug":"realizacja-miedzynarodowego-projektu-edukacyjnego-latajacy-plecak-zyczliwosci-w-klasie-iia","status":"publish","type":"post","link":"https:\/\/sp174.waw.pl\/?p=3888","title":{"rendered":"Realizacja Mi\u0119dzynarodowego Projektu Edukacyjnego Lataj\u0105cy Plecak \u017byczliwo\u015bci w klasie IIA"},"content":{"rendered":"<p>Ale to by\u0142o super prze\u017cycie! <strong>Plecak \u017byczliwo\u015bci<\/strong> zawita\u0142 do klasy IIA. Dzieciaki by\u0142y zachwycone upominkami od uczni\u00f3w z Tarnobrzega. Ka\u017cdy z u\u015bmiechem g\u0142o\u015bno odczytywa\u0142 mi\u0142e s\u0142owa zapisane na karteczkach od swoich kole\u017canek i koleg\u00f3w \u2013 tyle w nich by\u0142o ciep\u0142a, \u017cyczliwo\u015bci i dobrej energii! A potem burza pomys\u0142\u00f3w i wsp\u00f3lna praca nad wpisem do Dziennika \u017byczliwo\u015bci oraz przygotowanie niespodzianek dla naszych nowych koleg\u00f3w i kole\u017canek.<\/p>\n<p>Jedno \u017cyczliwe s\u0142owo lub gest, mo\u017ce zmieni\u0107 ca\u0142y \u015bwiat.<\/p>\n\n\n<figure class=\"wp-block-gallery has-nested-images columns-default is-cropped wp-block-gallery-1 is-layout-flex wp-block-gallery-is-layout-flex\">\n<figure class=\"wp-block-image size-large\"><img loading=\"lazy\" decoding=\"async\" width=\"1024\" height=\"726\" data-id=\"3889\" src=\"https:\/\/sp174.waw.pl\/wp-content\/uploads\/2025\/10\/1-1024x726.png\" alt=\"\" class=\"wp-image-3889\" srcset=\"https:\/\/sp174.waw.pl\/wp-content\/uploads\/2025\/10\/1-1024x726.png 1024w, https:\/\/sp174.waw.pl\/wp-content\/uploads\/2025\/10\/1-300x213.png 300w, https:\/\/sp174.waw.pl\/wp-content\/uploads\/2025\/10\/1-768x545.png 768w, https:\/\/sp174.waw.pl\/wp-content\/uploads\/2025\/10\/1-1536x1090.png 1536w, https:\/\/sp174.waw.pl\/wp-content\/uploads\/2025\/10\/1-1522x1080.png 1522w, https:\/\/sp174.waw.pl\/wp-content\/uploads\/2025\/10\/1.png 1748w\" sizes=\"auto, (max-width: 1024px) 100vw, 1024px\" \/><\/figure>\n\n\n\n<figure class=\"wp-block-image size-large\"><img loading=\"lazy\" decoding=\"async\" width=\"1024\" height=\"726\" data-id=\"3891\" src=\"https:\/\/sp174.waw.pl\/wp-content\/uploads\/2025\/10\/2-1024x726.png\" alt=\"\" class=\"wp-image-3891\" srcset=\"https:\/\/sp174.waw.pl\/wp-content\/uploads\/2025\/10\/2-1024x726.png 1024w, https:\/\/sp174.waw.pl\/wp-content\/uploads\/2025\/10\/2-300x213.png 300w, https:\/\/sp174.waw.pl\/wp-content\/uploads\/2025\/10\/2-768x545.png 768w, https:\/\/sp174.waw.pl\/wp-content\/uploads\/2025\/10\/2-1536x1090.png 1536w, https:\/\/sp174.waw.pl\/wp-content\/uploads\/2025\/10\/2-1522x1080.png 1522w, https:\/\/sp174.waw.pl\/wp-content\/uploads\/2025\/10\/2.png 1748w\" sizes=\"auto, (max-width: 1024px) 100vw, 1024px\" \/><\/figure>\n\n\n\n<figure class=\"wp-block-image size-large\"><img loading=\"lazy\" decoding=\"async\" width=\"1024\" height=\"726\" data-id=\"3890\" src=\"https:\/\/sp174.waw.pl\/wp-content\/uploads\/2025\/10\/3-1024x726.png\" alt=\"\" class=\"wp-image-3890\" srcset=\"https:\/\/sp174.waw.pl\/wp-content\/uploads\/2025\/10\/3-1024x726.png 1024w, https:\/\/sp174.waw.pl\/wp-content\/uploads\/2025\/10\/3-300x213.png 300w, https:\/\/sp174.waw.pl\/wp-content\/uploads\/2025\/10\/3-768x545.png 768w, https:\/\/sp174.waw.pl\/wp-content\/uploads\/2025\/10\/3-1536x1090.png 1536w, https:\/\/sp174.waw.pl\/wp-content\/uploads\/2025\/10\/3-1522x1080.png 1522w, https:\/\/sp174.waw.pl\/wp-content\/uploads\/2025\/10\/3.png 1748w\" sizes=\"auto, (max-width: 1024px) 100vw, 1024px\" \/><\/figure>\n<\/figure>\n","protected":false},"excerpt":{"rendered":"<p>Ale to by\u0142o super prze\u017cycie! Plecak \u017byczliwo\u015bci zawita\u0142 do klasy IIA. Dzieciaki by\u0142y zachwycone upominkami od uczni\u00f3w z Tarnobrzega. Ka\u017cdy z u\u015bmiechem g\u0142o\u015bno odczytywa\u0142 mi\u0142e s\u0142owa zapisane na karteczkach od swoich kole\u017canek i koleg\u00f3w \u2013 tyle w nich by\u0142o ciep\u0142a, \u017cyczliwo\u015bci i dobrej energii! A potem burza pomys\u0142\u00f3w i wsp\u00f3lna praca nad wpisem do Dziennika&hellip; <br \/> <a class=\"read-more\" href=\"https:\/\/sp174.waw.pl\/?p=3888\">Czytaj dalej<\/a><\/p>\n","protected":false},"author":1,"featured_media":0,"comment_status":"closed","ping_status":"closed","sticky":false,"template":"","format":"standard","meta":{"footnotes":""},"categories":[1],"tags":[],"class_list":["post-3888","post","type-post","status-publish","format-standard","hentry","category-bez-kategorii"],"_links":{"self":[{"href":"https:\/\/sp174.waw.pl\/index.php?rest_route=\/wp\/v2\/posts\/3888","targetHints":{"allow":["GET"]}}],"collection":[{"href":"https:\/\/sp174.waw.pl\/index.php?rest_route=\/wp\/v2\/posts"}],"about":[{"href":"https:\/\/sp174.waw.pl\/index.php?rest_route=\/wp\/v2\/types\/post"}],"author":[{"embeddable":true,"href":"https:\/\/sp174.waw.pl\/index.php?rest_route=\/wp\/v2\/users\/1"}],"replies":[{"embeddable":true,"href":"https:\/\/sp174.waw.pl\/index.php?rest_route=%2Fwp%2Fv2%2Fcomments&post=3888"}],"version-history":[{"count":1,"href":"https:\/\/sp174.waw.pl\/index.php?rest_route=\/wp\/v2\/posts\/3888\/revisions"}],"predecessor-version":[{"id":3892,"href":"https:\/\/sp174.waw.pl\/index.php?rest_route=\/wp\/v2\/posts\/3888\/revisions\/3892"}],"wp:attachment":[{"href":"https:\/\/sp174.waw.pl\/index.php?rest_route=%2Fwp%2Fv2%2Fmedia&parent=3888"}],"wp:term":[{"taxonomy":"category","embeddable":true,"href":"https:\/\/sp174.waw.pl\/index.php?rest_route=%2Fwp%2Fv2%2Fcategories&post=3888"},{"taxonomy":"post_tag","embeddable":true,"href":"https:\/\/sp174.waw.pl\/index.php?rest_route=%2Fwp%2Fv2%2Ftags&post=3888"}],"curies":[{"name":"wp","href":"https:\/\/api.w.org\/{rel}","templated":true}]}}