{"id":4014,"date":"2025-12-04T21:45:34","date_gmt":"2025-12-04T20:45:34","guid":{"rendered":"https:\/\/sp174.waw.pl\/?p=4014"},"modified":"2026-01-19T21:47:23","modified_gmt":"2026-01-19T20:47:23","slug":"badz-widoczny-klasa-2b","status":"publish","type":"post","link":"https:\/\/sp174.waw.pl\/?p=4014","title":{"rendered":"B\u0104D\u0179 WIDOCZNY \u2013 KLASA 2B"},"content":{"rendered":"<p class=\"Standard\" style=\"text-align: justify; text-justify: inter-ideograph;\">Dnia 4 grudnia 2025 r. ucznowie klasy 2b wybrali si\u0119 pod siedzib\u0119 Urz\u0119du Dzielnicy Weso\u0142ej, aby wzia\u0107 udzia\u0142 w akcji \u201e\u015awie\u0107 blaskiem z odblaskiem\u201d. Akcja dotyczy bezpiecze\u0144stwa pieszych na drodze. Dzieci wzi\u0119\u0142y dla siebie zawieszone na choince odblaski. Wiedz\u0105 jak wa\u017cne jest, aby by\u0107 widocznym po zmroku.<\/p>\n<p class=\"Standard\" style=\"text-align: right;\" align=\"right\"><i>Marzena Delak<\/i><\/p>\n\n\n<figure class=\"wp-block-image size-large\"><img loading=\"lazy\" decoding=\"async\" width=\"1024\" height=\"512\" src=\"https:\/\/sp174.waw.pl\/wp-content\/uploads\/2026\/01\/odblaski-Collage-2026-01-19-15_03_30-1024x512.jpg\" alt=\"\" class=\"wp-image-4015\" srcset=\"https:\/\/sp174.waw.pl\/wp-content\/uploads\/2026\/01\/odblaski-Collage-2026-01-19-15_03_30-1024x512.jpg 1024w, https:\/\/sp174.waw.pl\/wp-content\/uploads\/2026\/01\/odblaski-Collage-2026-01-19-15_03_30-300x150.jpg 300w, https:\/\/sp174.waw.pl\/wp-content\/uploads\/2026\/01\/odblaski-Collage-2026-01-19-15_03_30-768x384.jpg 768w, https:\/\/sp174.waw.pl\/wp-content\/uploads\/2026\/01\/odblaski-Collage-2026-01-19-15_03_30-1536x768.jpg 1536w, https:\/\/sp174.waw.pl\/wp-content\/uploads\/2026\/01\/odblaski-Collage-2026-01-19-15_03_30.jpg 1920w\" sizes=\"auto, (max-width: 1024px) 100vw, 1024px\" \/><\/figure>\n","protected":false},"excerpt":{"rendered":"<p>Dnia 4 grudnia 2025 r. ucznowie klasy 2b wybrali si\u0119 pod siedzib\u0119 Urz\u0119du Dzielnicy Weso\u0142ej, aby wzia\u0107 udzia\u0142 w akcji \u201e\u015awie\u0107 blaskiem z odblaskiem\u201d. Akcja dotyczy bezpiecze\u0144stwa pieszych na drodze. Dzieci wzi\u0119\u0142y dla siebie zawieszone na choince odblaski. Wiedz\u0105 jak wa\u017cne jest, aby by\u0107 widocznym po zmroku. Marzena Delak<\/p>\n","protected":false},"author":1,"featured_media":0,"comment_status":"closed","ping_status":"closed","sticky":false,"template":"","format":"standard","meta":{"footnotes":""},"categories":[1],"tags":[],"class_list":["post-4014","post","type-post","status-publish","format-standard","hentry","category-bez-kategorii"],"_links":{"self":[{"href":"https:\/\/sp174.waw.pl\/index.php?rest_route=\/wp\/v2\/posts\/4014","targetHints":{"allow":["GET"]}}],"collection":[{"href":"https:\/\/sp174.waw.pl\/index.php?rest_route=\/wp\/v2\/posts"}],"about":[{"href":"https:\/\/sp174.waw.pl\/index.php?rest_route=\/wp\/v2\/types\/post"}],"author":[{"embeddable":true,"href":"https:\/\/sp174.waw.pl\/index.php?rest_route=\/wp\/v2\/users\/1"}],"replies":[{"embeddable":true,"href":"https:\/\/sp174.waw.pl\/index.php?rest_route=%2Fwp%2Fv2%2Fcomments&post=4014"}],"version-history":[{"count":1,"href":"https:\/\/sp174.waw.pl\/index.php?rest_route=\/wp\/v2\/posts\/4014\/revisions"}],"predecessor-version":[{"id":4016,"href":"https:\/\/sp174.waw.pl\/index.php?rest_route=\/wp\/v2\/posts\/4014\/revisions\/4016"}],"wp:attachment":[{"href":"https:\/\/sp174.waw.pl\/index.php?rest_route=%2Fwp%2Fv2%2Fmedia&parent=4014"}],"wp:term":[{"taxonomy":"category","embeddable":true,"href":"https:\/\/sp174.waw.pl\/index.php?rest_route=%2Fwp%2Fv2%2Fcategories&post=4014"},{"taxonomy":"post_tag","embeddable":true,"href":"https:\/\/sp174.waw.pl\/index.php?rest_route=%2Fwp%2Fv2%2Ftags&post=4014"}],"curies":[{"name":"wp","href":"https:\/\/api.w.org\/{rel}","templated":true}]}}