{"id":4146,"date":"2026-04-21T19:32:12","date_gmt":"2026-04-21T17:32:12","guid":{"rendered":"https:\/\/sp174.waw.pl\/?p=4146"},"modified":"2026-04-21T19:32:12","modified_gmt":"2026-04-21T17:32:12","slug":"dzielnicowy-konkurs-recytatorski-dla-ucznio-klas-1-3","status":"publish","type":"post","link":"https:\/\/sp174.waw.pl\/?p=4146","title":{"rendered":"DZIELNICOWY KONKURS RECYTATORSKI DLA UCZNI\u00d3 KLAS 1-3"},"content":{"rendered":"<p class=\"Standard\" style=\"text-align: justify; text-justify: inter-ideograph;\">Dnia 21 kwietnia 2026 r. uczennica klasy 2b Adrianna Ajchel oraz uczennica klasy 3a Matylda Pacholczyk reprezentowa\u0142y nasz\u0105 szko\u0142\u0119 w Dzielnicowym Konkursie Recytatorskim \u201eWiersze znane i nieznane \u2013 Stanis\u0142aw Jachowicz\u201d. Konkurs odby\u0142 si\u0119 w SP nr 385 i by\u0142 wspania\u0142ym do\u015bwiadczeniem dla naszych uczennic.<\/p>\n<p class=\"Standard\" style=\"text-align: right;\" align=\"right\"><i>Marzena Delak<\/i><\/p>\n\n\n<figure class=\"wp-block-image size-large\"><img loading=\"lazy\" decoding=\"async\" width=\"1024\" height=\"512\" src=\"https:\/\/sp174.waw.pl\/wp-content\/uploads\/2026\/04\/Collage-2026-04-21-18_23_45-1024x512.jpg\" alt=\"\" class=\"wp-image-4147\" srcset=\"https:\/\/sp174.waw.pl\/wp-content\/uploads\/2026\/04\/Collage-2026-04-21-18_23_45-1024x512.jpg 1024w, https:\/\/sp174.waw.pl\/wp-content\/uploads\/2026\/04\/Collage-2026-04-21-18_23_45-300x150.jpg 300w, https:\/\/sp174.waw.pl\/wp-content\/uploads\/2026\/04\/Collage-2026-04-21-18_23_45-768x384.jpg 768w, https:\/\/sp174.waw.pl\/wp-content\/uploads\/2026\/04\/Collage-2026-04-21-18_23_45-1536x768.jpg 1536w, https:\/\/sp174.waw.pl\/wp-content\/uploads\/2026\/04\/Collage-2026-04-21-18_23_45.jpg 1920w\" sizes=\"auto, (max-width: 1024px) 100vw, 1024px\" \/><\/figure>\n","protected":false},"excerpt":{"rendered":"<p>Dnia 21 kwietnia 2026 r. uczennica klasy 2b Adrianna Ajchel oraz uczennica klasy 3a Matylda Pacholczyk reprezentowa\u0142y nasz\u0105 szko\u0142\u0119 w Dzielnicowym Konkursie Recytatorskim \u201eWiersze znane i nieznane \u2013 Stanis\u0142aw Jachowicz\u201d. Konkurs odby\u0142 si\u0119 w SP nr 385 i by\u0142 wspania\u0142ym do\u015bwiadczeniem dla naszych uczennic. Marzena Delak<\/p>\n","protected":false},"author":1,"featured_media":0,"comment_status":"closed","ping_status":"closed","sticky":false,"template":"","format":"standard","meta":{"footnotes":""},"categories":[1],"tags":[],"class_list":["post-4146","post","type-post","status-publish","format-standard","hentry","category-bez-kategorii"],"_links":{"self":[{"href":"https:\/\/sp174.waw.pl\/index.php?rest_route=\/wp\/v2\/posts\/4146","targetHints":{"allow":["GET"]}}],"collection":[{"href":"https:\/\/sp174.waw.pl\/index.php?rest_route=\/wp\/v2\/posts"}],"about":[{"href":"https:\/\/sp174.waw.pl\/index.php?rest_route=\/wp\/v2\/types\/post"}],"author":[{"embeddable":true,"href":"https:\/\/sp174.waw.pl\/index.php?rest_route=\/wp\/v2\/users\/1"}],"replies":[{"embeddable":true,"href":"https:\/\/sp174.waw.pl\/index.php?rest_route=%2Fwp%2Fv2%2Fcomments&post=4146"}],"version-history":[{"count":1,"href":"https:\/\/sp174.waw.pl\/index.php?rest_route=\/wp\/v2\/posts\/4146\/revisions"}],"predecessor-version":[{"id":4148,"href":"https:\/\/sp174.waw.pl\/index.php?rest_route=\/wp\/v2\/posts\/4146\/revisions\/4148"}],"wp:attachment":[{"href":"https:\/\/sp174.waw.pl\/index.php?rest_route=%2Fwp%2Fv2%2Fmedia&parent=4146"}],"wp:term":[{"taxonomy":"category","embeddable":true,"href":"https:\/\/sp174.waw.pl\/index.php?rest_route=%2Fwp%2Fv2%2Fcategories&post=4146"},{"taxonomy":"post_tag","embeddable":true,"href":"https:\/\/sp174.waw.pl\/index.php?rest_route=%2Fwp%2Fv2%2Ftags&post=4146"}],"curies":[{"name":"wp","href":"https:\/\/api.w.org\/{rel}","templated":true}]}}