{"id":4149,"date":"2026-04-13T19:32:20","date_gmt":"2026-04-13T17:32:20","guid":{"rendered":"https:\/\/sp174.waw.pl\/?p=4149"},"modified":"2026-04-21T19:33:39","modified_gmt":"2026-04-21T17:33:39","slug":"spacer-przyrodniczy-klasy-2b","status":"publish","type":"post","link":"https:\/\/sp174.waw.pl\/?p=4149","title":{"rendered":"SPACER PRZYRODNICZY KLASY 2B"},"content":{"rendered":"<p class=\"Standard\" style=\"text-align: justify; text-justify: inter-ideograph;\">Dnia 13 kwietnia 2026 r. uczniowie klasy 2b wybrali si\u0119 do lasu oraz na dzia\u0142ki, by obserwowa\u0107 przyrod\u0119. Wiosna w pe\u0142ni odkry\u0142a swoje uroki, by\u0142o s\u0142onecznie. Obserwowali\u015bmy kwiaty, krzewy. S\u0142uchali\u015bmy d\u017awi\u0119k\u00f3w otoczenia. W lesie zobaczyli\u015bmy padalca oraz zaskro\u0144ca. Przypomnieli\u015bmy sobie jak nale\u017cy zachowa\u0107 si\u0119 w lesie i jak obserwowa\u0107 przyrod\u0119 wszystkimi zmys\u0142ami.<\/p>\n<p class=\"Standard\" style=\"text-align: right;\" align=\"right\"><i>Marzena Delak<\/i><\/p>\n\n\n<figure class=\"wp-block-image size-large\"><img loading=\"lazy\" decoding=\"async\" width=\"1024\" height=\"512\" src=\"https:\/\/sp174.waw.pl\/wp-content\/uploads\/2026\/04\/Collage-2026-04-21-16_01_07-1024x512.jpg\" alt=\"\" class=\"wp-image-4150\" srcset=\"https:\/\/sp174.waw.pl\/wp-content\/uploads\/2026\/04\/Collage-2026-04-21-16_01_07-1024x512.jpg 1024w, https:\/\/sp174.waw.pl\/wp-content\/uploads\/2026\/04\/Collage-2026-04-21-16_01_07-300x150.jpg 300w, https:\/\/sp174.waw.pl\/wp-content\/uploads\/2026\/04\/Collage-2026-04-21-16_01_07-768x384.jpg 768w, https:\/\/sp174.waw.pl\/wp-content\/uploads\/2026\/04\/Collage-2026-04-21-16_01_07-1536x768.jpg 1536w, https:\/\/sp174.waw.pl\/wp-content\/uploads\/2026\/04\/Collage-2026-04-21-16_01_07.jpg 1920w\" sizes=\"auto, (max-width: 1024px) 100vw, 1024px\" \/><\/figure>\n","protected":false},"excerpt":{"rendered":"<p>Dnia 13 kwietnia 2026 r. uczniowie klasy 2b wybrali si\u0119 do lasu oraz na dzia\u0142ki, by obserwowa\u0107 przyrod\u0119. Wiosna w pe\u0142ni odkry\u0142a swoje uroki, by\u0142o s\u0142onecznie. Obserwowali\u015bmy kwiaty, krzewy. S\u0142uchali\u015bmy d\u017awi\u0119k\u00f3w otoczenia. W lesie zobaczyli\u015bmy padalca oraz zaskro\u0144ca. Przypomnieli\u015bmy sobie jak nale\u017cy zachowa\u0107 si\u0119 w lesie i jak obserwowa\u0107 przyrod\u0119 wszystkimi zmys\u0142ami. Marzena Delak<\/p>\n","protected":false},"author":1,"featured_media":0,"comment_status":"closed","ping_status":"closed","sticky":false,"template":"","format":"standard","meta":{"footnotes":""},"categories":[1],"tags":[],"class_list":["post-4149","post","type-post","status-publish","format-standard","hentry","category-bez-kategorii"],"_links":{"self":[{"href":"https:\/\/sp174.waw.pl\/index.php?rest_route=\/wp\/v2\/posts\/4149","targetHints":{"allow":["GET"]}}],"collection":[{"href":"https:\/\/sp174.waw.pl\/index.php?rest_route=\/wp\/v2\/posts"}],"about":[{"href":"https:\/\/sp174.waw.pl\/index.php?rest_route=\/wp\/v2\/types\/post"}],"author":[{"embeddable":true,"href":"https:\/\/sp174.waw.pl\/index.php?rest_route=\/wp\/v2\/users\/1"}],"replies":[{"embeddable":true,"href":"https:\/\/sp174.waw.pl\/index.php?rest_route=%2Fwp%2Fv2%2Fcomments&post=4149"}],"version-history":[{"count":1,"href":"https:\/\/sp174.waw.pl\/index.php?rest_route=\/wp\/v2\/posts\/4149\/revisions"}],"predecessor-version":[{"id":4151,"href":"https:\/\/sp174.waw.pl\/index.php?rest_route=\/wp\/v2\/posts\/4149\/revisions\/4151"}],"wp:attachment":[{"href":"https:\/\/sp174.waw.pl\/index.php?rest_route=%2Fwp%2Fv2%2Fmedia&parent=4149"}],"wp:term":[{"taxonomy":"category","embeddable":true,"href":"https:\/\/sp174.waw.pl\/index.php?rest_route=%2Fwp%2Fv2%2Fcategories&post=4149"},{"taxonomy":"post_tag","embeddable":true,"href":"https:\/\/sp174.waw.pl\/index.php?rest_route=%2Fwp%2Fv2%2Ftags&post=4149"}],"curies":[{"name":"wp","href":"https:\/\/api.w.org\/{rel}","templated":true}]}}