{"id":4155,"date":"2026-04-15T19:35:14","date_gmt":"2026-04-15T17:35:14","guid":{"rendered":"https:\/\/sp174.waw.pl\/?p=4155"},"modified":"2026-04-21T19:36:54","modified_gmt":"2026-04-21T17:36:54","slug":"warsztaty-stolarskie-2b","status":"publish","type":"post","link":"https:\/\/sp174.waw.pl\/?p=4155","title":{"rendered":"WARSZTATY STOLARSKIE \u2013 2B"},"content":{"rendered":"<p class=\"Standard\" style=\"text-align: justify; text-justify: inter-ideograph;\">Dnia 15 kwietnia 2026 r. uczniowie klasy 2b wzi\u0119li udzia\u0142 w warsztatach stolarskich. Tym razem \u201eGepetto\u201d zaproponowa\u0142 nam koszyczek. Pracy by\u0142o du\u017co, ale satysfakcja ogromna! Dzieci \u015bwietnie radzi\u0142y sobie z szlifierk\u0105, wkr\u0119tark\u0105 i \u015brubkami. To by\u0142 \u015bwietnie sp\u0119dzony czas!<\/p>\n<p class=\"Standard\" style=\"text-align: right;\" align=\"right\"><i>Marzena Delak<\/i><\/p>\n\n\n<figure class=\"wp-block-image size-large\"><img loading=\"lazy\" decoding=\"async\" width=\"1024\" height=\"512\" src=\"https:\/\/sp174.waw.pl\/wp-content\/uploads\/2026\/04\/Collage-2026-04-21-16_34_49-1024x512.jpg\" alt=\"\" class=\"wp-image-4156\" srcset=\"https:\/\/sp174.waw.pl\/wp-content\/uploads\/2026\/04\/Collage-2026-04-21-16_34_49-1024x512.jpg 1024w, https:\/\/sp174.waw.pl\/wp-content\/uploads\/2026\/04\/Collage-2026-04-21-16_34_49-300x150.jpg 300w, https:\/\/sp174.waw.pl\/wp-content\/uploads\/2026\/04\/Collage-2026-04-21-16_34_49-768x384.jpg 768w, https:\/\/sp174.waw.pl\/wp-content\/uploads\/2026\/04\/Collage-2026-04-21-16_34_49-1536x768.jpg 1536w, https:\/\/sp174.waw.pl\/wp-content\/uploads\/2026\/04\/Collage-2026-04-21-16_34_49.jpg 1920w\" sizes=\"auto, (max-width: 1024px) 100vw, 1024px\" \/><\/figure>\n","protected":false},"excerpt":{"rendered":"<p>Dnia 15 kwietnia 2026 r. uczniowie klasy 2b wzi\u0119li udzia\u0142 w warsztatach stolarskich. Tym razem \u201eGepetto\u201d zaproponowa\u0142 nam koszyczek. Pracy by\u0142o du\u017co, ale satysfakcja ogromna! Dzieci \u015bwietnie radzi\u0142y sobie z szlifierk\u0105, wkr\u0119tark\u0105 i \u015brubkami. To by\u0142 \u015bwietnie sp\u0119dzony czas! Marzena Delak<\/p>\n","protected":false},"author":1,"featured_media":0,"comment_status":"closed","ping_status":"closed","sticky":false,"template":"","format":"standard","meta":{"footnotes":""},"categories":[1],"tags":[],"class_list":["post-4155","post","type-post","status-publish","format-standard","hentry","category-bez-kategorii"],"_links":{"self":[{"href":"https:\/\/sp174.waw.pl\/index.php?rest_route=\/wp\/v2\/posts\/4155","targetHints":{"allow":["GET"]}}],"collection":[{"href":"https:\/\/sp174.waw.pl\/index.php?rest_route=\/wp\/v2\/posts"}],"about":[{"href":"https:\/\/sp174.waw.pl\/index.php?rest_route=\/wp\/v2\/types\/post"}],"author":[{"embeddable":true,"href":"https:\/\/sp174.waw.pl\/index.php?rest_route=\/wp\/v2\/users\/1"}],"replies":[{"embeddable":true,"href":"https:\/\/sp174.waw.pl\/index.php?rest_route=%2Fwp%2Fv2%2Fcomments&post=4155"}],"version-history":[{"count":1,"href":"https:\/\/sp174.waw.pl\/index.php?rest_route=\/wp\/v2\/posts\/4155\/revisions"}],"predecessor-version":[{"id":4157,"href":"https:\/\/sp174.waw.pl\/index.php?rest_route=\/wp\/v2\/posts\/4155\/revisions\/4157"}],"wp:attachment":[{"href":"https:\/\/sp174.waw.pl\/index.php?rest_route=%2Fwp%2Fv2%2Fmedia&parent=4155"}],"wp:term":[{"taxonomy":"category","embeddable":true,"href":"https:\/\/sp174.waw.pl\/index.php?rest_route=%2Fwp%2Fv2%2Fcategories&post=4155"},{"taxonomy":"post_tag","embeddable":true,"href":"https:\/\/sp174.waw.pl\/index.php?rest_route=%2Fwp%2Fv2%2Ftags&post=4155"}],"curies":[{"name":"wp","href":"https:\/\/api.w.org\/{rel}","templated":true}]}}