{"id":4163,"date":"2026-04-24T19:45:45","date_gmt":"2026-04-24T17:45:45","guid":{"rendered":"https:\/\/sp174.waw.pl\/?p=4163"},"modified":"2026-04-24T19:45:45","modified_gmt":"2026-04-24T17:45:45","slug":"zielony-kacik-klasy-2a","status":"publish","type":"post","link":"https:\/\/sp174.waw.pl\/?p=4163","title":{"rendered":"Zielony k\u0105cik klasy 2a"},"content":{"rendered":"<p style=\"text-align: justify;\"><span style=\"font-size: 14.0pt;\">Klasa 2a rozpocz\u0119\u0142a obchody Dnia Ziemi od wyj\u0105tkowej i bardzo potrzebnej inicjatywy \u2013 posadzenia kwiat\u00f3w obok swojej sali. Uczniowie z du\u017cym zaanga\u017cowaniem przyst\u0105pili do pracy. Najpierw starannie wyrywali chwasty, aby oczy\u015bci\u0107 teren, a nast\u0119pnie przygotowali gleb\u0119 pod nowe ro\u015bliny. Wsp\u00f3lnie sadzili kwiaty, dbaj\u0105c o to, by ka\u017cda ro\u015blina mia\u0142a odpowiednie miejsce do wzrostu.<\/span><\/p>\n<p style=\"text-align: justify;\"><span style=\"font-size: 14.0pt;\">Podczas zaj\u0119\u0107 dzieci nie tylko pracowa\u0142y fizycznie, ale tak\u017ce uczy\u0142y si\u0119, jak wa\u017cna jest troska o \u015brodowisko naturalne. Rozmawiali\u015bmy o tym, dlaczego warto sadzi\u0107 ro\u015bliny, jak dba\u0107 o przyrod\u0119 oraz jak ka\u017cdy z nas mo\u017ce przyczyni\u0107 si\u0119 do ochrony naszej planety.<\/span><\/p>\n<p style=\"text-align: justify;\"><span style=\"font-size: 14.0pt;\">Dzi\u0119ki wsp\u00f3lnej pracy otoczenie klasy sta\u0142o si\u0119 pi\u0119kniejsze, bardziej kolorowe i przyjazne naturze. By\u0142 to dzie\u0144 pe\u0142en rado\u015bci, wsp\u00f3\u0142pracy i nauki poprzez dzia\u0142anie.<\/span><\/p>\n\n\n<figure class=\"wp-block-gallery has-nested-images columns-default is-cropped wp-block-gallery-1 is-layout-flex wp-block-gallery-is-layout-flex\">\n<figure class=\"wp-block-image size-large\"><img loading=\"lazy\" decoding=\"async\" width=\"1024\" height=\"726\" data-id=\"4164\" src=\"https:\/\/sp174.waw.pl\/wp-content\/uploads\/2026\/04\/1-5-1024x726.png\" alt=\"\" class=\"wp-image-4164\" srcset=\"https:\/\/sp174.waw.pl\/wp-content\/uploads\/2026\/04\/1-5-1024x726.png 1024w, https:\/\/sp174.waw.pl\/wp-content\/uploads\/2026\/04\/1-5-300x213.png 300w, https:\/\/sp174.waw.pl\/wp-content\/uploads\/2026\/04\/1-5-768x545.png 768w, https:\/\/sp174.waw.pl\/wp-content\/uploads\/2026\/04\/1-5-1536x1090.png 1536w, https:\/\/sp174.waw.pl\/wp-content\/uploads\/2026\/04\/1-5-1522x1080.png 1522w, https:\/\/sp174.waw.pl\/wp-content\/uploads\/2026\/04\/1-5.png 1748w\" sizes=\"auto, (max-width: 1024px) 100vw, 1024px\" \/><\/figure>\n\n\n\n<figure class=\"wp-block-image size-large\"><img loading=\"lazy\" decoding=\"async\" width=\"1024\" height=\"726\" data-id=\"4166\" src=\"https:\/\/sp174.waw.pl\/wp-content\/uploads\/2026\/04\/2-5-1024x726.png\" alt=\"\" class=\"wp-image-4166\" srcset=\"https:\/\/sp174.waw.pl\/wp-content\/uploads\/2026\/04\/2-5-1024x726.png 1024w, https:\/\/sp174.waw.pl\/wp-content\/uploads\/2026\/04\/2-5-300x213.png 300w, https:\/\/sp174.waw.pl\/wp-content\/uploads\/2026\/04\/2-5-768x545.png 768w, https:\/\/sp174.waw.pl\/wp-content\/uploads\/2026\/04\/2-5-1536x1090.png 1536w, https:\/\/sp174.waw.pl\/wp-content\/uploads\/2026\/04\/2-5-1522x1080.png 1522w, https:\/\/sp174.waw.pl\/wp-content\/uploads\/2026\/04\/2-5.png 1748w\" sizes=\"auto, (max-width: 1024px) 100vw, 1024px\" \/><\/figure>\n\n\n\n<figure class=\"wp-block-image size-large\"><img loading=\"lazy\" decoding=\"async\" width=\"1024\" height=\"726\" data-id=\"4165\" src=\"https:\/\/sp174.waw.pl\/wp-content\/uploads\/2026\/04\/3-4-1024x726.png\" alt=\"\" class=\"wp-image-4165\" srcset=\"https:\/\/sp174.waw.pl\/wp-content\/uploads\/2026\/04\/3-4-1024x726.png 1024w, https:\/\/sp174.waw.pl\/wp-content\/uploads\/2026\/04\/3-4-300x213.png 300w, https:\/\/sp174.waw.pl\/wp-content\/uploads\/2026\/04\/3-4-768x545.png 768w, https:\/\/sp174.waw.pl\/wp-content\/uploads\/2026\/04\/3-4-1536x1090.png 1536w, https:\/\/sp174.waw.pl\/wp-content\/uploads\/2026\/04\/3-4-1522x1080.png 1522w, https:\/\/sp174.waw.pl\/wp-content\/uploads\/2026\/04\/3-4.png 1748w\" sizes=\"auto, (max-width: 1024px) 100vw, 1024px\" \/><\/figure>\n<\/figure>\n","protected":false},"excerpt":{"rendered":"<p>Klasa 2a rozpocz\u0119\u0142a obchody Dnia Ziemi od wyj\u0105tkowej i bardzo potrzebnej inicjatywy \u2013 posadzenia kwiat\u00f3w obok swojej sali. Uczniowie z du\u017cym zaanga\u017cowaniem przyst\u0105pili do pracy. Najpierw starannie wyrywali chwasty, aby oczy\u015bci\u0107 teren, a nast\u0119pnie przygotowali gleb\u0119 pod nowe ro\u015bliny. Wsp\u00f3lnie sadzili kwiaty, dbaj\u0105c o to, by ka\u017cda ro\u015blina mia\u0142a odpowiednie miejsce do wzrostu. Podczas zaj\u0119\u0107&hellip; <br \/> <a class=\"read-more\" href=\"https:\/\/sp174.waw.pl\/?p=4163\">Czytaj dalej<\/a><\/p>\n","protected":false},"author":1,"featured_media":0,"comment_status":"closed","ping_status":"closed","sticky":false,"template":"","format":"standard","meta":{"footnotes":""},"categories":[1],"tags":[],"class_list":["post-4163","post","type-post","status-publish","format-standard","hentry","category-bez-kategorii"],"_links":{"self":[{"href":"https:\/\/sp174.waw.pl\/index.php?rest_route=\/wp\/v2\/posts\/4163","targetHints":{"allow":["GET"]}}],"collection":[{"href":"https:\/\/sp174.waw.pl\/index.php?rest_route=\/wp\/v2\/posts"}],"about":[{"href":"https:\/\/sp174.waw.pl\/index.php?rest_route=\/wp\/v2\/types\/post"}],"author":[{"embeddable":true,"href":"https:\/\/sp174.waw.pl\/index.php?rest_route=\/wp\/v2\/users\/1"}],"replies":[{"embeddable":true,"href":"https:\/\/sp174.waw.pl\/index.php?rest_route=%2Fwp%2Fv2%2Fcomments&post=4163"}],"version-history":[{"count":1,"href":"https:\/\/sp174.waw.pl\/index.php?rest_route=\/wp\/v2\/posts\/4163\/revisions"}],"predecessor-version":[{"id":4167,"href":"https:\/\/sp174.waw.pl\/index.php?rest_route=\/wp\/v2\/posts\/4163\/revisions\/4167"}],"wp:attachment":[{"href":"https:\/\/sp174.waw.pl\/index.php?rest_route=%2Fwp%2Fv2%2Fmedia&parent=4163"}],"wp:term":[{"taxonomy":"category","embeddable":true,"href":"https:\/\/sp174.waw.pl\/index.php?rest_route=%2Fwp%2Fv2%2Fcategories&post=4163"},{"taxonomy":"post_tag","embeddable":true,"href":"https:\/\/sp174.waw.pl\/index.php?rest_route=%2Fwp%2Fv2%2Ftags&post=4163"}],"curies":[{"name":"wp","href":"https:\/\/api.w.org\/{rel}","templated":true}]}}