{"id":4168,"date":"2026-04-27T19:30:01","date_gmt":"2026-04-27T17:30:01","guid":{"rendered":"https:\/\/sp174.waw.pl\/?p=4168"},"modified":"2026-04-28T19:31:54","modified_gmt":"2026-04-28T17:31:54","slug":"eko-torby-klasy-2a","status":"publish","type":"post","link":"https:\/\/sp174.waw.pl\/?p=4168","title":{"rendered":"EKO torby klasy 2a"},"content":{"rendered":"<p>Podczas projektu zwi\u0105zanego z dniem Ziemi\u00a0 nasza sala zamieni\u0142a si\u0119 w ekologiczn\u0105 pracowni\u0119. Dzieci z du\u017cym zaanga\u017cowaniem ozdabia\u0142y materia\u0142owe torby, tworz\u0105c projekty inspirowane trosk\u0105 o nasz\u0105 planet\u0119. Na torbach pojawi\u0142y si\u0119 rysunki Ziemi, ro\u015blin, zwierz\u0105t oraz has\u0142a zach\u0119caj\u0105ce do dbania o \u015brodowisko. Ka\u017cda praca by\u0142a wyj\u0105tkowa i pe\u0142na pomys\u0142owo\u015bci. Zaj\u0119cia nie tylko sprawi\u0142y uczniom wiele rado\u015bci, ale r\u00f3wnie\u017c przypomnia\u0142y, jak wa\u017cna jest ochrona przyrody. Powsta\u0142y pi\u0119kne, ekologiczne torby, kt\u00f3re dzieci z dum\u0105 zabra\u0142y do domu.<\/p>\n\n\n<figure class=\"wp-block-gallery has-nested-images columns-default is-cropped wp-block-gallery-1 is-layout-flex wp-block-gallery-is-layout-flex\">\n<figure class=\"wp-block-image size-large\"><img loading=\"lazy\" decoding=\"async\" width=\"1024\" height=\"726\" data-id=\"4169\" src=\"https:\/\/sp174.waw.pl\/wp-content\/uploads\/2026\/04\/1-6-1024x726.png\" alt=\"\" class=\"wp-image-4169\" srcset=\"https:\/\/sp174.waw.pl\/wp-content\/uploads\/2026\/04\/1-6-1024x726.png 1024w, https:\/\/sp174.waw.pl\/wp-content\/uploads\/2026\/04\/1-6-300x213.png 300w, https:\/\/sp174.waw.pl\/wp-content\/uploads\/2026\/04\/1-6-768x545.png 768w, https:\/\/sp174.waw.pl\/wp-content\/uploads\/2026\/04\/1-6-1536x1090.png 1536w, https:\/\/sp174.waw.pl\/wp-content\/uploads\/2026\/04\/1-6-1522x1080.png 1522w, https:\/\/sp174.waw.pl\/wp-content\/uploads\/2026\/04\/1-6.png 1748w\" sizes=\"auto, (max-width: 1024px) 100vw, 1024px\" \/><\/figure>\n\n\n\n<figure class=\"wp-block-image size-large\"><img loading=\"lazy\" decoding=\"async\" width=\"1024\" height=\"726\" data-id=\"4170\" src=\"https:\/\/sp174.waw.pl\/wp-content\/uploads\/2026\/04\/2-6-1024x726.png\" alt=\"\" class=\"wp-image-4170\" srcset=\"https:\/\/sp174.waw.pl\/wp-content\/uploads\/2026\/04\/2-6-1024x726.png 1024w, https:\/\/sp174.waw.pl\/wp-content\/uploads\/2026\/04\/2-6-300x213.png 300w, https:\/\/sp174.waw.pl\/wp-content\/uploads\/2026\/04\/2-6-768x545.png 768w, https:\/\/sp174.waw.pl\/wp-content\/uploads\/2026\/04\/2-6-1536x1090.png 1536w, https:\/\/sp174.waw.pl\/wp-content\/uploads\/2026\/04\/2-6-1522x1080.png 1522w, https:\/\/sp174.waw.pl\/wp-content\/uploads\/2026\/04\/2-6.png 1748w\" sizes=\"auto, (max-width: 1024px) 100vw, 1024px\" \/><\/figure>\n<\/figure>\n","protected":false},"excerpt":{"rendered":"<p>Podczas projektu zwi\u0105zanego z dniem Ziemi\u00a0 nasza sala zamieni\u0142a si\u0119 w ekologiczn\u0105 pracowni\u0119. Dzieci z du\u017cym zaanga\u017cowaniem ozdabia\u0142y materia\u0142owe torby, tworz\u0105c projekty inspirowane trosk\u0105 o nasz\u0105 planet\u0119. Na torbach pojawi\u0142y si\u0119 rysunki Ziemi, ro\u015blin, zwierz\u0105t oraz has\u0142a zach\u0119caj\u0105ce do dbania o \u015brodowisko. Ka\u017cda praca by\u0142a wyj\u0105tkowa i pe\u0142na pomys\u0142owo\u015bci. Zaj\u0119cia nie tylko sprawi\u0142y uczniom wiele&hellip; <br \/> <a class=\"read-more\" href=\"https:\/\/sp174.waw.pl\/?p=4168\">Czytaj dalej<\/a><\/p>\n","protected":false},"author":1,"featured_media":0,"comment_status":"closed","ping_status":"closed","sticky":false,"template":"","format":"standard","meta":{"footnotes":""},"categories":[1],"tags":[],"class_list":["post-4168","post","type-post","status-publish","format-standard","hentry","category-bez-kategorii"],"_links":{"self":[{"href":"https:\/\/sp174.waw.pl\/index.php?rest_route=\/wp\/v2\/posts\/4168","targetHints":{"allow":["GET"]}}],"collection":[{"href":"https:\/\/sp174.waw.pl\/index.php?rest_route=\/wp\/v2\/posts"}],"about":[{"href":"https:\/\/sp174.waw.pl\/index.php?rest_route=\/wp\/v2\/types\/post"}],"author":[{"embeddable":true,"href":"https:\/\/sp174.waw.pl\/index.php?rest_route=\/wp\/v2\/users\/1"}],"replies":[{"embeddable":true,"href":"https:\/\/sp174.waw.pl\/index.php?rest_route=%2Fwp%2Fv2%2Fcomments&post=4168"}],"version-history":[{"count":1,"href":"https:\/\/sp174.waw.pl\/index.php?rest_route=\/wp\/v2\/posts\/4168\/revisions"}],"predecessor-version":[{"id":4171,"href":"https:\/\/sp174.waw.pl\/index.php?rest_route=\/wp\/v2\/posts\/4168\/revisions\/4171"}],"wp:attachment":[{"href":"https:\/\/sp174.waw.pl\/index.php?rest_route=%2Fwp%2Fv2%2Fmedia&parent=4168"}],"wp:term":[{"taxonomy":"category","embeddable":true,"href":"https:\/\/sp174.waw.pl\/index.php?rest_route=%2Fwp%2Fv2%2Fcategories&post=4168"},{"taxonomy":"post_tag","embeddable":true,"href":"https:\/\/sp174.waw.pl\/index.php?rest_route=%2Fwp%2Fv2%2Ftags&post=4168"}],"curies":[{"name":"wp","href":"https:\/\/api.w.org\/{rel}","templated":true}]}}