{"id":67,"date":"2022-08-17T11:25:17","date_gmt":"2022-08-17T09:25:17","guid":{"rendered":"http:\/\/sp174.waw.pl\/?p=67"},"modified":"2022-08-31T10:46:41","modified_gmt":"2022-08-31T08:46:41","slug":"rozpoczecie-nowego-roku-szkolnego-2022-203","status":"publish","type":"post","link":"https:\/\/sp174.waw.pl\/?p=67","title":{"rendered":"Rozpocz\u0119cie Nowego Roku Szkolnego 2022\/2023"},"content":{"rendered":"\n<p><\/p>\n\n\n\n<p>Zapraszamy na inauguracje roku szkolnego 2022\/2023, kt\u00f3re odb\u0119dzie si\u0119 &nbsp;<\/p>\n\n\n\n<p>1 wrze\u015bnia, wed\u0142ug nast\u0119puj\u0105cego porz\u0105dku:<\/p>\n\n\n\n<p>&#8211; <strong>godz. 9.00<\/strong> \u2013 Uroczyste Rozpocz\u0119cie Roku Szkolnego 2022\/2023 na sali gimnastycznej dla oddzia\u0142u przedszkolnego oraz klas II-VIII.<\/p>\n\n\n\n<p>Po cz\u0119\u015bci oficjalnej uczniowie spotkaj\u0105 si\u0119 z wychowawcami w sali:<\/p>\n\n\n\n<ul class=\"wp-block-list\"><li>Oddzia\u0142 przedszkolny \u2013 sala nr 2<\/li><li>Klasa IIA \u2013 sala nr 12<\/li><li>Klasa IIB \u2013 sala nr 1<\/li><li>Klasa III \u2013 sala nr 3<\/li><li>Klasa IV \u2013 sala nr 10<\/li><li>Klasa VA \u2013 sala nr 11<\/li><li>Klasa VB \u2013 sala nr 6<\/li><li>Klasa VIA \u2013 sala nr 5<\/li><li>Klasa VIB \u2013 sala nr 9<\/li><li>Klasa VII\u2013 sala nr 8<\/li><li>Klasa VIIIA \u2013 sala nr 7<\/li><li>Klasa VIIIB \u2013 sala gimnastyczna<\/li><\/ul>\n\n\n\n<p><strong>&#8211; godz. 11.00<\/strong> \u2013 Uroczyste Rozpocz\u0119cie Roku Szkolnego 2022\/2023 dla uczni\u00f3w klas I wraz ze \u015blubowaniem pierwszoklasist\u00f3w.<\/p>\n\n\n\n<p>je dotycz\u0105ce nowego roku szkolnego.<\/p>\n","protected":false},"excerpt":{"rendered":"<p>Zapraszamy na inauguracje roku szkolnego 2022\/2023, kt\u00f3re odb\u0119dzie si\u0119 &nbsp; 1 wrze\u015bnia, wed\u0142ug nast\u0119puj\u0105cego porz\u0105dku: &#8211; godz. 9.00 \u2013 Uroczyste Rozpocz\u0119cie Roku Szkolnego 2022\/2023 na sali gimnastycznej dla oddzia\u0142u przedszkolnego oraz klas II-VIII. Po cz\u0119\u015bci oficjalnej uczniowie spotkaj\u0105 si\u0119 z wychowawcami w sali: Oddzia\u0142 przedszkolny \u2013 sala nr 2 Klasa IIA \u2013 sala nr 12&hellip; <br \/> <a class=\"read-more\" href=\"https:\/\/sp174.waw.pl\/?p=67\">Czytaj dalej<\/a><\/p>\n","protected":false},"author":1,"featured_media":0,"comment_status":"closed","ping_status":"closed","sticky":false,"template":"","format":"standard","meta":{"footnotes":""},"categories":[1],"tags":[],"class_list":["post-67","post","type-post","status-publish","format-standard","hentry","category-bez-kategorii"],"_links":{"self":[{"href":"https:\/\/sp174.waw.pl\/index.php?rest_route=\/wp\/v2\/posts\/67","targetHints":{"allow":["GET"]}}],"collection":[{"href":"https:\/\/sp174.waw.pl\/index.php?rest_route=\/wp\/v2\/posts"}],"about":[{"href":"https:\/\/sp174.waw.pl\/index.php?rest_route=\/wp\/v2\/types\/post"}],"author":[{"embeddable":true,"href":"https:\/\/sp174.waw.pl\/index.php?rest_route=\/wp\/v2\/users\/1"}],"replies":[{"embeddable":true,"href":"https:\/\/sp174.waw.pl\/index.php?rest_route=%2Fwp%2Fv2%2Fcomments&post=67"}],"version-history":[{"count":3,"href":"https:\/\/sp174.waw.pl\/index.php?rest_route=\/wp\/v2\/posts\/67\/revisions"}],"predecessor-version":[{"id":185,"href":"https:\/\/sp174.waw.pl\/index.php?rest_route=\/wp\/v2\/posts\/67\/revisions\/185"}],"wp:attachment":[{"href":"https:\/\/sp174.waw.pl\/index.php?rest_route=%2Fwp%2Fv2%2Fmedia&parent=67"}],"wp:term":[{"taxonomy":"category","embeddable":true,"href":"https:\/\/sp174.waw.pl\/index.php?rest_route=%2Fwp%2Fv2%2Fcategories&post=67"},{"taxonomy":"post_tag","embeddable":true,"href":"https:\/\/sp174.waw.pl\/index.php?rest_route=%2Fwp%2Fv2%2Ftags&post=67"}],"curies":[{"name":"wp","href":"https:\/\/api.w.org\/{rel}","templated":true}]}}