{"id":685,"date":"2022-10-06T21:49:00","date_gmt":"2022-10-06T19:49:00","guid":{"rendered":"http:\/\/sp174.waw.pl\/?p=685"},"modified":"2022-10-09T21:52:54","modified_gmt":"2022-10-09T19:52:54","slug":"od-kuchni","status":"publish","type":"post","link":"https:\/\/sp174.waw.pl\/?p=685","title":{"rendered":"OD KUCHNI"},"content":{"rendered":"\n<p><strong>\u017bydowska Kultura Kulinarna<\/strong><\/p>\n\n\n\n<p>Klasa 7 wybra\u0142a si\u0119 na wystaw\u0119 zorganizowan\u0105 przez POLIN Muzeum Historii \u017byd\u00f3w Polskich.                  Na wystawie przybli\u017cono zwiedzaj\u0105cym kultur\u0119 \u017cydowsk\u0105 w r\u00f3\u017cnych zak\u0105tkach \u015bwiata, pokazuj\u0105c charakterystyczne potrawy, ich spos\u00f3b przyrz\u0105dzania, pochodzenie i znaczenie. \u017bydowska kultura kulinarna jest dla tego narodu bardzo istotna, bo do dnia dzisiejszego umacnia poczucie przynale\u017cno\u015bci do wsp\u00f3lnoty, a jednocze\u015bnie stanowi wyznacznik odr\u0119bno\u015bci. Ta odr\u0119bno\u015b\u0107 kszta\u0142towa\u0142a si\u0119 na przestrzeni tysi\u0105cleci w r\u00f3\u017cnych szeroko\u015bciach geograficznych i dlatego jest dzi\u015b bardzo r\u00f3\u017cnorodna. Opowie\u015b\u0107 o \u017cydowskim jedzeniu jest wi\u0119c zarazem opowie\u015bci\u0105 \u00a0o \u017cydowskiej religii, kulturze i historii. Wsp\u00f3lnie szukali\u015bmy odpowiedzi na pytania: Czy z talerza mo\u017cna wyczyta\u0107, kim jeste\u015bmy: sk\u0105d pochodzimy, kim byli nasi przodkowie, kim s\u0105 nasi s\u0105siedzi i jaki jest nasz styl \u017cycia?<\/p>\n\n\n\n<p class=\"has-text-align-right\"><em>Katarzyna Kalbarczyk<\/em><\/p>\n\n\n\n<figure class=\"wp-block-image size-full\"><img loading=\"lazy\" decoding=\"async\" width=\"208\" height=\"276\" src=\"https:\/\/sp174.waw.pl\/wp-content\/uploads\/2022\/10\/Polin1.jpg\" alt=\"\" class=\"wp-image-686\"\/><\/figure>\n\n\n\n<figure class=\"wp-block-image size-full\"><img loading=\"lazy\" decoding=\"async\" width=\"234\" height=\"311\" src=\"https:\/\/sp174.waw.pl\/wp-content\/uploads\/2022\/10\/Polin2.jpg\" alt=\"\" class=\"wp-image-687\" srcset=\"https:\/\/sp174.waw.pl\/wp-content\/uploads\/2022\/10\/Polin2.jpg 234w, https:\/\/sp174.waw.pl\/wp-content\/uploads\/2022\/10\/Polin2-226x300.jpg 226w\" sizes=\"auto, (max-width: 234px) 100vw, 234px\" \/><\/figure>\n\n\n\n<figure class=\"wp-block-image size-full\"><img loading=\"lazy\" decoding=\"async\" width=\"208\" height=\"276\" src=\"https:\/\/sp174.waw.pl\/wp-content\/uploads\/2022\/10\/Polin3.jpg\" alt=\"\" class=\"wp-image-688\"\/><\/figure>\n\n\n\n<figure class=\"wp-block-image size-full\"><img loading=\"lazy\" decoding=\"async\" width=\"208\" height=\"276\" src=\"https:\/\/sp174.waw.pl\/wp-content\/uploads\/2022\/10\/Polin4.jpg\" alt=\"\" class=\"wp-image-689\"\/><\/figure>\n\n\n\n<figure class=\"wp-block-image size-full\"><img loading=\"lazy\" decoding=\"async\" width=\"208\" height=\"276\" src=\"https:\/\/sp174.waw.pl\/wp-content\/uploads\/2022\/10\/Polin5.jpg\" alt=\"\" class=\"wp-image-690\"\/><\/figure>\n\n\n\n<figure class=\"wp-block-image size-full\"><img loading=\"lazy\" decoding=\"async\" width=\"208\" height=\"276\" src=\"https:\/\/sp174.waw.pl\/wp-content\/uploads\/2022\/10\/Polin6.jpg\" alt=\"\" class=\"wp-image-691\"\/><\/figure>\n\n\n\n<figure class=\"wp-block-image size-full\"><img loading=\"lazy\" decoding=\"async\" width=\"208\" height=\"276\" src=\"https:\/\/sp174.waw.pl\/wp-content\/uploads\/2022\/10\/Polin7.jpg\" alt=\"\" class=\"wp-image-692\"\/><\/figure>\n\n\n\n<figure class=\"wp-block-image size-full\"><img loading=\"lazy\" decoding=\"async\" width=\"276\" height=\"208\" src=\"https:\/\/sp174.waw.pl\/wp-content\/uploads\/2022\/10\/Foto-tytulowe.jpg\" alt=\"\" class=\"wp-image-693\"\/><\/figure>\n","protected":false},"excerpt":{"rendered":"<p>\u017bydowska Kultura Kulinarna Klasa 7 wybra\u0142a si\u0119 na wystaw\u0119 zorganizowan\u0105 przez POLIN Muzeum Historii \u017byd\u00f3w Polskich. Na wystawie przybli\u017cono zwiedzaj\u0105cym kultur\u0119 \u017cydowsk\u0105 w r\u00f3\u017cnych zak\u0105tkach \u015bwiata, pokazuj\u0105c charakterystyczne potrawy, ich spos\u00f3b przyrz\u0105dzania, pochodzenie i znaczenie. \u017bydowska kultura kulinarna jest dla tego narodu bardzo istotna, bo do dnia dzisiejszego umacnia poczucie przynale\u017cno\u015bci do wsp\u00f3lnoty, a jednocze\u015bnie&hellip; <br \/> <a class=\"read-more\" href=\"https:\/\/sp174.waw.pl\/?p=685\">Czytaj dalej<\/a><\/p>\n","protected":false},"author":1,"featured_media":693,"comment_status":"closed","ping_status":"","sticky":false,"template":"","format":"standard","meta":{"footnotes":""},"categories":[1],"tags":[],"class_list":["post-685","post","type-post","status-publish","format-standard","has-post-thumbnail","hentry","category-bez-kategorii"],"_links":{"self":[{"href":"https:\/\/sp174.waw.pl\/index.php?rest_route=\/wp\/v2\/posts\/685","targetHints":{"allow":["GET"]}}],"collection":[{"href":"https:\/\/sp174.waw.pl\/index.php?rest_route=\/wp\/v2\/posts"}],"about":[{"href":"https:\/\/sp174.waw.pl\/index.php?rest_route=\/wp\/v2\/types\/post"}],"author":[{"embeddable":true,"href":"https:\/\/sp174.waw.pl\/index.php?rest_route=\/wp\/v2\/users\/1"}],"replies":[{"embeddable":true,"href":"https:\/\/sp174.waw.pl\/index.php?rest_route=%2Fwp%2Fv2%2Fcomments&post=685"}],"version-history":[{"count":1,"href":"https:\/\/sp174.waw.pl\/index.php?rest_route=\/wp\/v2\/posts\/685\/revisions"}],"predecessor-version":[{"id":694,"href":"https:\/\/sp174.waw.pl\/index.php?rest_route=\/wp\/v2\/posts\/685\/revisions\/694"}],"wp:featuredmedia":[{"embeddable":true,"href":"https:\/\/sp174.waw.pl\/index.php?rest_route=\/wp\/v2\/media\/693"}],"wp:attachment":[{"href":"https:\/\/sp174.waw.pl\/index.php?rest_route=%2Fwp%2Fv2%2Fmedia&parent=685"}],"wp:term":[{"taxonomy":"category","embeddable":true,"href":"https:\/\/sp174.waw.pl\/index.php?rest_route=%2Fwp%2Fv2%2Fcategories&post=685"},{"taxonomy":"post_tag","embeddable":true,"href":"https:\/\/sp174.waw.pl\/index.php?rest_route=%2Fwp%2Fv2%2Ftags&post=685"}],"curies":[{"name":"wp","href":"https:\/\/api.w.org\/{rel}","templated":true}]}}