{"id":837,"date":"2022-10-14T17:26:00","date_gmt":"2022-10-14T15:26:00","guid":{"rendered":"http:\/\/sp174.waw.pl\/?p=837"},"modified":"2022-10-17T17:32:51","modified_gmt":"2022-10-17T15:32:51","slug":"kolorowe-kredki","status":"publish","type":"post","link":"https:\/\/sp174.waw.pl\/?p=837","title":{"rendered":"Kolorowe kredki"},"content":{"rendered":"\n<p class=\"has-text-align-center\"><strong>Szkolne Ko\u0142o Wolontariatu <\/strong>przyst\u0105pi\u0142o w zesz\u0142ym roku szkolnym do akcji \u201eKolorowe kredki\u201d. By\u0142a i jest to nadal nieskomplikowana akcja. Zbiera si\u0119 kredki o\u0142\u00f3wkowe i \u015bwiecowe. Zbieraj\u0105c je mo\u017cna pom\u00f3c dzieciom przebywaj\u0105cym w szpitalach, a pieni\u0105dze z przetworzonych kredek przeznacza si\u0119 na r\u00f3\u017cne cele charytatywne. Zebrane kredki zostaj\u0105 posegregowane przez wolontariuszy i zatemperowane.                    Z pozyskanych materia\u0142\u00f3w szyte s\u0105 kolorowe pi\u00f3rniki, kt\u00f3re zape\u0142niane s\u0105 odrestaurowanymi kredkami. Nast\u0119pnie s\u0105 zawo\u017cone do szpitali dla przebywaj\u0105cych tam dzieci. Kredki o\u0142\u00f3wkowe, kt\u00f3re s\u0105 w gorszym stanie, przerabiane s\u0105 na kredkow\u0105 bi\u017cuteri\u0119, z kt\u00f3rej doch\u00f3d przeznaczany jest na akcje charytatywne. Kredki \u015bwiecowe wolontariusze przetapiaj\u0105 i tworz\u0105 nowe kredki o r\u00f3\u017cnych kszta\u0142tach. Dzi\u0119ki temu kredki zyskuj\u0105 drugie \u017cycie &nbsp;i mog\u0105 znowu rysowa\u0107. No i tak ze znanych nam od lat kredek powstaj\u0105 nowe twory, a uczniowie naszej szko\u0142o chc\u0105c uczestniczy\u0107 w tej akcji, poprzynosili kredki. Dzi\u0119kujemy wszystkim,           a   paczk\u0119 spakowan\u0105 przez Marcina wolontariusza przesy\u0142amy na adres organizatora akcji.<\/p>\n\n\n\n<p class=\"has-text-align-right\"><em>Katarzyna Kalbarczyk<\/em><\/p>\n\n\n\n<figure class=\"wp-block-image size-full\"><img loading=\"lazy\" decoding=\"async\" width=\"124\" height=\"164\" src=\"https:\/\/sp174.waw.pl\/wp-content\/uploads\/2022\/10\/Kredki1.jpg\" alt=\"\" class=\"wp-image-838\"\/><\/figure>\n\n\n\n<figure class=\"wp-block-image size-full\"><img loading=\"lazy\" decoding=\"async\" width=\"154\" height=\"205\" src=\"https:\/\/sp174.waw.pl\/wp-content\/uploads\/2022\/10\/Kredki2.jpg\" alt=\"\" class=\"wp-image-839\"\/><\/figure>\n\n\n\n<figure class=\"wp-block-image size-full\"><img loading=\"lazy\" decoding=\"async\" width=\"154\" height=\"205\" src=\"https:\/\/sp174.waw.pl\/wp-content\/uploads\/2022\/10\/Kredki3.jpg\" alt=\"\" class=\"wp-image-840\"\/><\/figure>\n","protected":false},"excerpt":{"rendered":"<p>Szkolne Ko\u0142o Wolontariatu przyst\u0105pi\u0142o w zesz\u0142ym roku szkolnym do akcji \u201eKolorowe kredki\u201d. By\u0142a i jest to nadal nieskomplikowana akcja. Zbiera si\u0119 kredki o\u0142\u00f3wkowe i \u015bwiecowe. Zbieraj\u0105c je mo\u017cna pom\u00f3c dzieciom przebywaj\u0105cym w szpitalach, a pieni\u0105dze z przetworzonych kredek przeznacza si\u0119 na r\u00f3\u017cne cele charytatywne. Zebrane kredki zostaj\u0105 posegregowane przez wolontariuszy i zatemperowane. Z pozyskanych materia\u0142\u00f3w&hellip; <br \/> <a class=\"read-more\" href=\"https:\/\/sp174.waw.pl\/?p=837\">Czytaj dalej<\/a><\/p>\n","protected":false},"author":1,"featured_media":845,"comment_status":"closed","ping_status":"","sticky":false,"template":"","format":"standard","meta":{"footnotes":""},"categories":[1],"tags":[],"class_list":["post-837","post","type-post","status-publish","format-standard","has-post-thumbnail","hentry","category-bez-kategorii"],"_links":{"self":[{"href":"https:\/\/sp174.waw.pl\/index.php?rest_route=\/wp\/v2\/posts\/837","targetHints":{"allow":["GET"]}}],"collection":[{"href":"https:\/\/sp174.waw.pl\/index.php?rest_route=\/wp\/v2\/posts"}],"about":[{"href":"https:\/\/sp174.waw.pl\/index.php?rest_route=\/wp\/v2\/types\/post"}],"author":[{"embeddable":true,"href":"https:\/\/sp174.waw.pl\/index.php?rest_route=\/wp\/v2\/users\/1"}],"replies":[{"embeddable":true,"href":"https:\/\/sp174.waw.pl\/index.php?rest_route=%2Fwp%2Fv2%2Fcomments&post=837"}],"version-history":[{"count":2,"href":"https:\/\/sp174.waw.pl\/index.php?rest_route=\/wp\/v2\/posts\/837\/revisions"}],"predecessor-version":[{"id":846,"href":"https:\/\/sp174.waw.pl\/index.php?rest_route=\/wp\/v2\/posts\/837\/revisions\/846"}],"wp:featuredmedia":[{"embeddable":true,"href":"https:\/\/sp174.waw.pl\/index.php?rest_route=\/wp\/v2\/media\/845"}],"wp:attachment":[{"href":"https:\/\/sp174.waw.pl\/index.php?rest_route=%2Fwp%2Fv2%2Fmedia&parent=837"}],"wp:term":[{"taxonomy":"category","embeddable":true,"href":"https:\/\/sp174.waw.pl\/index.php?rest_route=%2Fwp%2Fv2%2Fcategories&post=837"},{"taxonomy":"post_tag","embeddable":true,"href":"https:\/\/sp174.waw.pl\/index.php?rest_route=%2Fwp%2Fv2%2Ftags&post=837"}],"curies":[{"name":"wp","href":"https:\/\/api.w.org\/{rel}","templated":true}]}}