{"id":874,"date":"2022-10-14T18:12:00","date_gmt":"2022-10-14T16:12:00","guid":{"rendered":"http:\/\/sp174.waw.pl\/?p=874"},"modified":"2022-10-17T18:16:58","modified_gmt":"2022-10-17T16:16:58","slug":"dzien-edukacji-narodowej","status":"publish","type":"post","link":"https:\/\/sp174.waw.pl\/?p=874","title":{"rendered":"Dzie\u0144 Edukacji Narodowej"},"content":{"rendered":"\n<p class=\"has-text-align-center\">Z okazji Dnia Edukacji Narodowej uczniowie naszej szko\u0142y z\u0142o\u017cyli pracownikom szko\u0142y \u017cyczenia. Przedstawiciele uczni\u00f3w \u2013 Tola C., Marysia P., Oliwia Cz. i Miko\u0142aj K. (klasa 8b) \u2013 w swoimi imieniu, imieniu innych uczni\u00f3w i rodzic\u00f3w z\u0142o\u017cyli wszystkim pracownikom szko\u0142y \u017cyczenia, a na r\u0119ce Dyrektora przekazali przepi\u0119kny bukiet kwiat\u00f3w. Podarowali r\u00f3wnie\u017c wykonane przez siebie przypinki z wizerunkami nauczycieli.<\/p>\n\n\n\n<p class=\"has-text-align-right\"><strong>Dzi\u0119kujemy.<\/strong><\/p>\n\n\n\n<figure class=\"wp-block-image size-full\"><img loading=\"lazy\" decoding=\"async\" width=\"608\" height=\"688\" src=\"https:\/\/sp174.waw.pl\/wp-content\/uploads\/2022\/10\/306128921_454562869856811_2133257301166216025_n.jpg\" alt=\"\" class=\"wp-image-875\" srcset=\"https:\/\/sp174.waw.pl\/wp-content\/uploads\/2022\/10\/306128921_454562869856811_2133257301166216025_n.jpg 608w, https:\/\/sp174.waw.pl\/wp-content\/uploads\/2022\/10\/306128921_454562869856811_2133257301166216025_n-265x300.jpg 265w\" sizes=\"auto, (max-width: 608px) 100vw, 608px\" \/><\/figure>\n\n\n\n<figure class=\"wp-block-image size-large\"><img loading=\"lazy\" decoding=\"async\" width=\"768\" height=\"1024\" src=\"https:\/\/sp174.waw.pl\/wp-content\/uploads\/2022\/10\/311307658_828266731680292_5272191660413363598_n-768x1024.jpg\" alt=\"\" class=\"wp-image-876\" srcset=\"https:\/\/sp174.waw.pl\/wp-content\/uploads\/2022\/10\/311307658_828266731680292_5272191660413363598_n-768x1024.jpg 768w, https:\/\/sp174.waw.pl\/wp-content\/uploads\/2022\/10\/311307658_828266731680292_5272191660413363598_n-225x300.jpg 225w, https:\/\/sp174.waw.pl\/wp-content\/uploads\/2022\/10\/311307658_828266731680292_5272191660413363598_n-1152x1536.jpg 1152w, https:\/\/sp174.waw.pl\/wp-content\/uploads\/2022\/10\/311307658_828266731680292_5272191660413363598_n-1536x2048.jpg 1536w, https:\/\/sp174.waw.pl\/wp-content\/uploads\/2022\/10\/311307658_828266731680292_5272191660413363598_n-1024x1365.jpg 1024w, https:\/\/sp174.waw.pl\/wp-content\/uploads\/2022\/10\/311307658_828266731680292_5272191660413363598_n-810x1080.jpg 810w, https:\/\/sp174.waw.pl\/wp-content\/uploads\/2022\/10\/311307658_828266731680292_5272191660413363598_n-scaled.jpg 1920w\" sizes=\"auto, (max-width: 768px) 100vw, 768px\" \/><\/figure>\n","protected":false},"excerpt":{"rendered":"<p>Z okazji Dnia Edukacji Narodowej uczniowie naszej szko\u0142y z\u0142o\u017cyli pracownikom szko\u0142y \u017cyczenia. Przedstawiciele uczni\u00f3w \u2013 Tola C., Marysia P., Oliwia Cz. i Miko\u0142aj K. (klasa 8b) \u2013 w swoimi imieniu, imieniu innych uczni\u00f3w i rodzic\u00f3w z\u0142o\u017cyli wszystkim pracownikom szko\u0142y \u017cyczenia, a na r\u0119ce Dyrektora przekazali przepi\u0119kny bukiet kwiat\u00f3w. Podarowali r\u00f3wnie\u017c wykonane przez siebie przypinki z&hellip; <br \/> <a class=\"read-more\" href=\"https:\/\/sp174.waw.pl\/?p=874\">Czytaj dalej<\/a><\/p>\n","protected":false},"author":1,"featured_media":0,"comment_status":"closed","ping_status":"","sticky":false,"template":"","format":"standard","meta":{"footnotes":""},"categories":[1],"tags":[],"class_list":["post-874","post","type-post","status-publish","format-standard","hentry","category-bez-kategorii"],"_links":{"self":[{"href":"https:\/\/sp174.waw.pl\/index.php?rest_route=\/wp\/v2\/posts\/874","targetHints":{"allow":["GET"]}}],"collection":[{"href":"https:\/\/sp174.waw.pl\/index.php?rest_route=\/wp\/v2\/posts"}],"about":[{"href":"https:\/\/sp174.waw.pl\/index.php?rest_route=\/wp\/v2\/types\/post"}],"author":[{"embeddable":true,"href":"https:\/\/sp174.waw.pl\/index.php?rest_route=\/wp\/v2\/users\/1"}],"replies":[{"embeddable":true,"href":"https:\/\/sp174.waw.pl\/index.php?rest_route=%2Fwp%2Fv2%2Fcomments&post=874"}],"version-history":[{"count":1,"href":"https:\/\/sp174.waw.pl\/index.php?rest_route=\/wp\/v2\/posts\/874\/revisions"}],"predecessor-version":[{"id":877,"href":"https:\/\/sp174.waw.pl\/index.php?rest_route=\/wp\/v2\/posts\/874\/revisions\/877"}],"wp:attachment":[{"href":"https:\/\/sp174.waw.pl\/index.php?rest_route=%2Fwp%2Fv2%2Fmedia&parent=874"}],"wp:term":[{"taxonomy":"category","embeddable":true,"href":"https:\/\/sp174.waw.pl\/index.php?rest_route=%2Fwp%2Fv2%2Fcategories&post=874"},{"taxonomy":"post_tag","embeddable":true,"href":"https:\/\/sp174.waw.pl\/index.php?rest_route=%2Fwp%2Fv2%2Ftags&post=874"}],"curies":[{"name":"wp","href":"https:\/\/api.w.org\/{rel}","templated":true}]}}